{"id":41694,"date":"2023-07-31T18:47:00","date_gmt":"2023-07-31T21:47:00","guid":{"rendered":"https:\/\/www.radiopresidenteibanez.cl\/web\/?p=41694"},"modified":"2023-07-31T15:27:10","modified_gmt":"2023-07-31T18:27:10","slug":"ministerio-de-las-culturas-abre-el-primer-grupo-de-convocatorias-para-fondos-cultura-2024-con-enfasis-en-labores-de-cuidados-territorios-y-genero","status":"publish","type":"post","link":"https:\/\/www.radiopresidenteibanez.cl\/web\/ministerio-de-las-culturas-abre-el-primer-grupo-de-convocatorias-para-fondos-cultura-2024-con-enfasis-en-labores-de-cuidados-territorios-y-genero\/","title":{"rendered":"Ministerio de las Culturas abre el primer grupo de convocatorias para Fondos Cultura 2024, con \u00e9nfasis en labores de cuidados, territorios y g\u00e9nero"},"content":{"rendered":"\n<p>Hasta la primera semana de septiembre estar\u00e1 disponible el primer grupo de<br>convocatorias de los Fondos Cultura 2024. Esta primera apertura pone a<br>disposici\u00f3n de la ciudadan\u00eda 16 l\u00edneas de postulaci\u00f3n, las que cubren las \u00e1reas de<br>formaci\u00f3n- investigaci\u00f3n, desarrollo de ferias, festivales, muestras y proyectos<br>correspondientes al \u00e1mbito del libro y la lectura, m\u00fasica, audiovisual, artes<br>esc\u00e9nicas, artes&nbsp;de la visualidad, arquitectura, artesan\u00eda y dise\u00f1o.<br>Este primer grupo de la convocatoria 2024 considera criterios claves establecidos<br>en tres ejes transversales, centrados en territorio, labores de cuidado y g\u00e9nero.<br>Los fondos consideran cuotas de selecci\u00f3n por regi\u00f3n para asegurar el desarrollo<br>de iniciativas altamente valoradas en los territorios o por macrozona. El eje de<br>labores de cuidado establece las condiciones necesarias para una participaci\u00f3n<br>igualitaria entre las personas que postulen a la l\u00ednea de Becas Chile Crea,<br>quienes podr\u00e1n incluir los gastos de las labores de cuidados de derecho de hijas,<br>hijos y ni\u00f1as y ni\u00f1os bajo tutela, desde la primera infancia hasta la \u00faltima etapa<br>de educaci\u00f3n b\u00e1sica (hasta 8\u00b0 b\u00e1sico).<br>Respecto del enfoque de g\u00e9nero de esta convocatoria, se mantienen las cuotas y<br>se incluyen en la nueva modalidad de Talleres de Creaci\u00f3n Literaria, del Fondo<br>del Libro. Adicionalmente, se mantiene la equidad de g\u00e9nero en la composici\u00f3n<br>de los comit\u00e9s de especialistas.<\/p>\n\n\n\n<p>Este a\u00f1o, a diferencia de llamados anteriores, se programaron dos periodos<br>diferenciados de postulaci\u00f3n, con el objetivo de facilitar este proceso y<br>descomprimir los plazos asociados. La segunda etapa de postulaci\u00f3n, para el<br>resto de las l\u00edneas, se abrir\u00e1 la segunda quincena de agosto.<br>Las fechas y l\u00edneas de \u00e9sta y todas las convocatorias del ministerio est\u00e1n<br>disponibles en el Calendario de Convocatorias (fondosdecultura.cl). El objetivo<br>de esta herramienta es poner a disposici\u00f3n de los agentes culturales un marco de<br>organizaci\u00f3n, ya que&nbsp;entrega rangos de fecha de apertura, cierre y entrega de<br>resultados de convocatorias y fondos que se ir\u00e1n abriendo durante el a\u00f1o.<br>Novedades y detalles por fondos<br>El Fondo de la M\u00fasica 2024 considera en esta primera convocatoria tres l\u00edneas:<br>Beca Chile Crea, Actividades Formativas, y M\u00fasica en Vivo. La principal novedad<br>est\u00e1 en los criterios de selecci\u00f3n para las modalidades M\u00fasica en Vivo (Presencial<br>o Virtual), que a diferencia de la convocatoria 2023 busca adjudicar un proyecto<br>elegible en cada una de las regiones que componen la zona Sur, Centro y Norte.<br>Igualmente, para equilibrar la demanda, se aument\u00f3 el monto total disponible<br>para la modalidad de M\u00fasica en Vivo Zona Sur, de $100.000.000. a $120.000.000.<br>El Fondo de las Artes Esc\u00e9nicas tiene disponible tres l\u00edneas: Becas Chile Crea,<br>Programas Formativos, y Festivales y Encuentros. En la l\u00ednea de Programas<br>Formativos por primera vez se asegura la selecci\u00f3n de al menos 1 proyecto<br>elegible en cada una de las 16 regiones del pa\u00eds, criterio que se extender\u00e1<br>tambi\u00e9n en la modalidad de Especializaci\u00f3n y Perfeccionamiento, perteneciente<br>a la l\u00ednea Becas Chile Crea. La modalidad de Festivales y Encuentros Nacionales<br>asegurar\u00e1 por primera vez la selecci\u00f3n de al menos 1 proyecto elegible en las<br>zonas norte, centro, centro sur, sur, austral y Metropolitana, con el objetivo de<br>resguardar presupuesto a m\u00e1s regiones que s\u00f3lo la Metropolitana, como era en la<br>convocatoria anterior.<\/p>\n","protected":false},"excerpt":{"rendered":"<p>Hasta la primera semana de septiembre estar\u00e1 disponible el primer grupo deconvocatorias de los Fondos Cultura 2024. Esta primera apertura pone adisposici\u00f3n de la ciudadan\u00eda 16 l\u00edneas de postulaci\u00f3n, las&#8230; <a class=\"read-more\" href=\"https:\/\/www.radiopresidenteibanez.cl\/web\/ministerio-de-las-culturas-abre-el-primer-grupo-de-convocatorias-para-fondos-cultura-2024-con-enfasis-en-labores-de-cuidados-territorios-y-genero\/\">Leer m\u00e1s<\/a><\/p>\n","protected":false},"author":2,"featured_media":41695,"comment_status":"closed","ping_status":"closed","sticky":false,"template":"","format":"standard","meta":{"footnotes":""},"categories":[1],"tags":[],"class_list":["post-41694","post","type-post","status-publish","format-standard","has-post-thumbnail","hentry","category-cronica"],"_links":{"self":[{"href":"https:\/\/www.radiopresidenteibanez.cl\/web\/wp-json\/wp\/v2\/posts\/41694","targetHints":{"allow":["GET"]}}],"collection":[{"href":"https:\/\/www.radiopresidenteibanez.cl\/web\/wp-json\/wp\/v2\/posts"}],"about":[{"href":"https:\/\/www.radiopresidenteibanez.cl\/web\/wp-json\/wp\/v2\/types\/post"}],"author":[{"embeddable":true,"href":"https:\/\/www.radiopresidenteibanez.cl\/web\/wp-json\/wp\/v2\/users\/2"}],"replies":[{"embeddable":true,"href":"https:\/\/www.radiopresidenteibanez.cl\/web\/wp-json\/wp\/v2\/comments?post=41694"}],"version-history":[{"count":0,"href":"https:\/\/www.radiopresidenteibanez.cl\/web\/wp-json\/wp\/v2\/posts\/41694\/revisions"}],"wp:featuredmedia":[{"embeddable":true,"href":"https:\/\/www.radiopresidenteibanez.cl\/web\/wp-json\/wp\/v2\/media\/41695"}],"wp:attachment":[{"href":"https:\/\/www.radiopresidenteibanez.cl\/web\/wp-json\/wp\/v2\/media?parent=41694"}],"wp:term":[{"taxonomy":"category","embeddable":true,"href":"https:\/\/www.radiopresidenteibanez.cl\/web\/wp-json\/wp\/v2\/categories?post=41694"},{"taxonomy":"post_tag","embeddable":true,"href":"https:\/\/www.radiopresidenteibanez.cl\/web\/wp-json\/wp\/v2\/tags?post=41694"}],"curies":[{"name":"wp","href":"https:\/\/api.w.org\/{rel}","templated":true}]}}