{"id":41679,"date":"2023-07-31T12:47:00","date_gmt":"2023-07-31T15:47:00","guid":{"rendered":"https:\/\/www.radiopresidenteibanez.cl\/web\/?p=41679"},"modified":"2023-07-31T11:48:52","modified_gmt":"2023-07-31T14:48:52","slug":"los-cineastas-isabel-lahuerta-pablo-reigada-y-albert-hamilton-presentan-su-obra-audiovisual-en-los-angeles","status":"publish","type":"post","link":"https:\/\/www.radiopresidenteibanez.cl\/web\/los-cineastas-isabel-lahuerta-pablo-reigada-y-albert-hamilton-presentan-su-obra-audiovisual-en-los-angeles\/","title":{"rendered":"LOS CINEASTAS ISABEL LAHUERTA, PABLO REIGADA y ALBERT HAMILTON PRESENTAN SU OBRA AUDIOVISUAL EN LOS \u00c1NGELES"},"content":{"rendered":"\n<p>Los cineastas espa\u00f1oles Isabel Lahuerta Bellido y Pablo Reigada, y el director de cine chileno Albert Hamilton presentan sus cortometrajes en la ciudad de Los \u00c1ngeles. La primera edici\u00f3n de Cosmic L.A. Screenings, organizada por Cineupdate y Cosmos Fan en la meca del cine, contar\u00e1 con la proyecci\u00f3n de obras audiovisuales de realizadores emergentes.<\/p>\n\n\n\n<p>ISABEL LAHUERTA BELLIDO es la directora del cortometraje S\u00ed, quiero, basado en el relato del mismo nombre escrito por la propia Isabel y que forma parte del libro de relatos Tengo algo que decirte, de la editorial Almuzara. La realizadora, actriz y productora espa\u00f1ola ostenta el cargo de vicepresidenta de la Academia de Cine de Arag\u00f3n desde el a\u00f1o 2019. Presentadora de eventos y galas, tales como la Entrega de Premios de Mujeres Empresarias de Arag\u00f3n o el Festival de Cine Internacional Saraqusta Film Festival 2022. Desde el a\u00f1o 2015, participa como tertuliana en programas de radio en Onda Aragonesa, En la actualidad participa como analista en el programa \u201cDiario Econ\u00f3mico\u201d, de Arag\u00f3n Radio.<\/p>\n\n\n\n<p>Acerca de S\u00ed, quiero<\/p>\n\n\n\n<p>S\u00ed, quiero nos traslada a los a\u00f1os 60. Desde los 16 a\u00f1os, Valentina ha soportado los abusos del Marqu\u00e9s, due\u00f1o de la casa donde su madre, Manuela, trabaja como criada. Todo el mundo hacia la vista gorda respecto a este abuso, algo que en aquellos tiempos nadie censuraba. La situaci\u00f3n de Valentina da un giro dr\u00e1stico cuando se queda embarazada y pide al padre el reconocimiento y los apellidos para su hijo. Ante la negativa de \u00e9ste, Valentina trama una venganza.<\/p>\n\n\n\n<p>PABLO REIGADA es el director del cortometraje Life &amp; Butterflies. Pablo es un generalista 3D experimentado que siempre so\u00f1\u00f3 con realizar su propio cortometraje. Estudi\u00f3 direcci\u00f3n de cine y dise\u00f1o 3D, lo que le llev\u00f3 a buscar un proyecto que uniese ambos campos. Un fan\u00e1tico del cine y la animaci\u00f3n que siempre ha buscado la manera de expresar sus ideas de la forma m\u00e1s creativa.<\/p>\n\n\n\n<p>Acerca de Life &amp; Butterflies<\/p>\n\n\n\n<p>Life &amp; Butterflies es una met\u00e1fora de la vida. Seguimos a un ni\u00f1o que juega con su pelota hasta que una mariposa capta su atenci\u00f3n. A partir de ese punto, aprender\u00e1 que el tiempo vuela y que no hay forma de pararlo. Seguir\u00e1 creciendo mientras persiga a la mariposa.<\/p>\n\n\n\n<p>ALBERT HAMILTON es el director del cortometraje Patagonia Cinema. Albert es un cineasta independiente con una maestr\u00eda en guion y direcci\u00f3n cinematogr\u00e1fica nacido en Chile. Ha trabajado durante m\u00e1s de un cuarto de siglo en comunicaciones corporativas, producci\u00f3n y direcci\u00f3n de pel\u00edculas. Comenz\u00f3 su carrera trabajando como asistente de producci\u00f3n en pel\u00edculas y largometrajes chilenos, aprendiendo con el director Miguel Littin, \u00fanico cineasta chileno nominado al premio Oscar en dos ocasiones. Actualmente, escribe guiones de ficci\u00f3n y trabaja para Carabineros de Chile como Relacionador P\u00fablico, donde realiza campa\u00f1as audiovisuales para salas de cine.<\/p>\n\n\n\n<p>Acerca de Patagonia Cinema<\/p>\n\n\n\n<p>Patagonia Cinema es una breve muestra de varias producciones escritas y dirigidas por el cineasta latinoamericano Albert Hamilton. La comedia es la base para tratar y denunciar diversos problemas de clases sociales. Para esta proyecci\u00f3n, el cineasta decidi\u00f3 seleccionar materiales antiguos que formaban parte de un hermoso per\u00edodo experimental. Son pel\u00edculas estilo mariachi. Sin presupuesto, sin elenco, sin equipo, llevando a cabo todas las etapas de producci\u00f3n, edici\u00f3n y postproducci\u00f3n. Pel\u00edculas de muy baja resoluci\u00f3n filmadas en formatos dom\u00e9sticos y recuperadas gracias a la inteligencia artificial. Se presentan como una forma de retratar el alma del director cuando reci\u00e9n comenzaba en el negocio audiovisual.<\/p>\n","protected":false},"excerpt":{"rendered":"<p>Los cineastas espa\u00f1oles Isabel Lahuerta Bellido y Pablo Reigada, y el director de cine chileno Albert Hamilton presentan sus cortometrajes en la ciudad de Los \u00c1ngeles. La primera edici\u00f3n de&#8230; <a class=\"read-more\" href=\"https:\/\/www.radiopresidenteibanez.cl\/web\/los-cineastas-isabel-lahuerta-pablo-reigada-y-albert-hamilton-presentan-su-obra-audiovisual-en-los-angeles\/\">Leer m\u00e1s<\/a><\/p>\n","protected":false},"author":2,"featured_media":41680,"comment_status":"closed","ping_status":"closed","sticky":false,"template":"","format":"standard","meta":{"footnotes":""},"categories":[1],"tags":[],"class_list":["post-41679","post","type-post","status-publish","format-standard","has-post-thumbnail","hentry","category-cronica"],"_links":{"self":[{"href":"https:\/\/www.radiopresidenteibanez.cl\/web\/wp-json\/wp\/v2\/posts\/41679","targetHints":{"allow":["GET"]}}],"collection":[{"href":"https:\/\/www.radiopresidenteibanez.cl\/web\/wp-json\/wp\/v2\/posts"}],"about":[{"href":"https:\/\/www.radiopresidenteibanez.cl\/web\/wp-json\/wp\/v2\/types\/post"}],"author":[{"embeddable":true,"href":"https:\/\/www.radiopresidenteibanez.cl\/web\/wp-json\/wp\/v2\/users\/2"}],"replies":[{"embeddable":true,"href":"https:\/\/www.radiopresidenteibanez.cl\/web\/wp-json\/wp\/v2\/comments?post=41679"}],"version-history":[{"count":0,"href":"https:\/\/www.radiopresidenteibanez.cl\/web\/wp-json\/wp\/v2\/posts\/41679\/revisions"}],"wp:featuredmedia":[{"embeddable":true,"href":"https:\/\/www.radiopresidenteibanez.cl\/web\/wp-json\/wp\/v2\/media\/41680"}],"wp:attachment":[{"href":"https:\/\/www.radiopresidenteibanez.cl\/web\/wp-json\/wp\/v2\/media?parent=41679"}],"wp:term":[{"taxonomy":"category","embeddable":true,"href":"https:\/\/www.radiopresidenteibanez.cl\/web\/wp-json\/wp\/v2\/categories?post=41679"},{"taxonomy":"post_tag","embeddable":true,"href":"https:\/\/www.radiopresidenteibanez.cl\/web\/wp-json\/wp\/v2\/tags?post=41679"}],"curies":[{"name":"wp","href":"https:\/\/api.w.org\/{rel}","templated":true}]}}