{"id":4167,"date":"2019-05-14T14:26:17","date_gmt":"2019-05-14T14:26:17","guid":{"rendered":"http:\/\/www.radiopresidenteibanez.cl\/web\/?p=4167"},"modified":"2019-05-14T14:26:56","modified_gmt":"2019-05-14T14:26:56","slug":"municipalidad-de-natales-y-sercotec-celebraron-el-dia-de-la-madre","status":"publish","type":"post","link":"https:\/\/www.radiopresidenteibanez.cl\/web\/municipalidad-de-natales-y-sercotec-celebraron-el-dia-de-la-madre\/","title":{"rendered":"MUNICIPALIDAD DE NATALES Y SERCOTEC CELEBRARON EL DIA DE LA MADRE"},"content":{"rendered":"\n<p>Por el d\u00eda de\nla madre, la Ilustre Municipalidad de Natales junto a SERCOTEC y al Centro de\nDesarrollo de Negocios de Puerto Natales organiz\u00f3 una tarde completa para\nagasajar a las madres natalinas, las cuales cantaron, bailaron, concursaron y\ndisfrutaron de un caf\u00e9 concert preparado para ellas. <\/p>\n\n\n\n<p>Desde la\nma\u00f1ana del viernes el alcalde de la comuna, Fernando Paredes Mansilla se\ndirigi\u00f3 a las madres natalinas con un afectuoso saludo para cada una de ellas\nmediante las diversas radios existentes en la ciudad, adem\u00e1s realiz\u00f3 un video\ndedicado a las mujeres a trav\u00e9s de las redes sociales municipales.<\/p>\n\n\n\n<p>Para la m\u00e1xima\nautoridad comunal las madres son el pilar fundamental de las casas natalinas y\nla provincia, es por esto que el alcalde natalino destac\u00f3 la tremenda labor\nsocial y cultural que imprimen en sus hijos, los cuales son el futuro de la\ncomuna. \u201cSiempre he sido enf\u00e1tico en destacar que Natales lo hacemos todos y\neso incluye a nuestras queridas madres, las que d\u00eda a d\u00eda mediante un trabajo\ndiscreto sacan adelante a nuestros ni\u00f1os. Como alcalde y Concejo Municipal\nsiempre estaremos dispuestos a entregar un regalo a las mam\u00e1s natalinas\u201d,\nindic\u00f3.<\/p>\n\n\n\n<p>La actividad\ncont\u00f3 con la presencia de la gobernadora provincial Ana Mayorga, quien entreg\u00f3\nun saludo relevando el trabajo de las funcionarias municipales que son madres.\nSeguidamente el Concejo Municipal tambi\u00e9n entreg\u00f3 un especial saludo a las\nmadres de la comuna, para dar paso a la presentaci\u00f3n del destacado periodista\nnacional, Amaro G\u00f3mez Pablos, el cual entreg\u00f3 una charla motivacional para las\nmujeres y anim\u00f3 el evento durante la noche. El show continu\u00f3 con un breve\ndesfile de las candidatas a reina, los concursos de los puntarenenses \u201cFlow\nMusic\u201d, la presentaci\u00f3n de la \u201cBanda Academia\u201d con Erick Medina y Laura Rivera,\nadem\u00e1s del grupo \u201cSanto Remedio\u201d<\/p>\n\n\n\n<p>Al lugar llegaron mujeres que forman parte de juntas vecinales, adultos mayores y cientos de j\u00f3venes madres natalinas, todas se mostraron contentas por la llegada del periodista nortino y destacaron la gesti\u00f3n alcaldicia junto al Concejo Municipal para traer artistas de gran nivel vocal hasta el Gimnasio Jos\u00e9 Miguel Carrera.<\/p>\n\n\n\n<figure class=\"wp-block-image\"><img loading=\"lazy\" decoding=\"async\" width=\"900\" height=\"462\" src=\"https:\/\/www.radiopresidenteibanez.cl\/web\/wp-content\/uploads\/2019\/05\/IMG_2872.jpg\" alt=\"\" class=\"wp-image-4168\" srcset=\"https:\/\/www.radiopresidenteibanez.cl\/web\/wp-content\/uploads\/2019\/05\/IMG_2872.jpg 900w, https:\/\/www.radiopresidenteibanez.cl\/web\/wp-content\/uploads\/2019\/05\/IMG_2872-300x154.jpg 300w, https:\/\/www.radiopresidenteibanez.cl\/web\/wp-content\/uploads\/2019\/05\/IMG_2872-768x394.jpg 768w\" sizes=\"auto, (max-width: 900px) 100vw, 900px\" \/><\/figure>\n","protected":false},"excerpt":{"rendered":"<p>Por el d\u00eda de la madre, la Ilustre Municipalidad de Natales junto a SERCOTEC y al Centro de Desarrollo de Negocios de Puerto Natales organiz\u00f3 una tarde completa para agasajar&#8230; <a class=\"read-more\" href=\"https:\/\/www.radiopresidenteibanez.cl\/web\/municipalidad-de-natales-y-sercotec-celebraron-el-dia-de-la-madre\/\">Leer m\u00e1s<\/a><\/p>\n","protected":false},"author":2,"featured_media":4168,"comment_status":"closed","ping_status":"closed","sticky":false,"template":"","format":"standard","meta":{"footnotes":""},"categories":[1],"tags":[],"class_list":["post-4167","post","type-post","status-publish","format-standard","has-post-thumbnail","hentry","category-cronica"],"_links":{"self":[{"href":"https:\/\/www.radiopresidenteibanez.cl\/web\/wp-json\/wp\/v2\/posts\/4167","targetHints":{"allow":["GET"]}}],"collection":[{"href":"https:\/\/www.radiopresidenteibanez.cl\/web\/wp-json\/wp\/v2\/posts"}],"about":[{"href":"https:\/\/www.radiopresidenteibanez.cl\/web\/wp-json\/wp\/v2\/types\/post"}],"author":[{"embeddable":true,"href":"https:\/\/www.radiopresidenteibanez.cl\/web\/wp-json\/wp\/v2\/users\/2"}],"replies":[{"embeddable":true,"href":"https:\/\/www.radiopresidenteibanez.cl\/web\/wp-json\/wp\/v2\/comments?post=4167"}],"version-history":[{"count":0,"href":"https:\/\/www.radiopresidenteibanez.cl\/web\/wp-json\/wp\/v2\/posts\/4167\/revisions"}],"wp:featuredmedia":[{"embeddable":true,"href":"https:\/\/www.radiopresidenteibanez.cl\/web\/wp-json\/wp\/v2\/media\/4168"}],"wp:attachment":[{"href":"https:\/\/www.radiopresidenteibanez.cl\/web\/wp-json\/wp\/v2\/media?parent=4167"}],"wp:term":[{"taxonomy":"category","embeddable":true,"href":"https:\/\/www.radiopresidenteibanez.cl\/web\/wp-json\/wp\/v2\/categories?post=4167"},{"taxonomy":"post_tag","embeddable":true,"href":"https:\/\/www.radiopresidenteibanez.cl\/web\/wp-json\/wp\/v2\/tags?post=4167"}],"curies":[{"name":"wp","href":"https:\/\/api.w.org\/{rel}","templated":true}]}}