{"id":41663,"date":"2023-07-31T08:19:22","date_gmt":"2023-07-31T11:19:22","guid":{"rendered":"https:\/\/www.radiopresidenteibanez.cl\/web\/?p=41663"},"modified":"2023-07-31T08:19:29","modified_gmt":"2023-07-31T11:19:29","slug":"junto-a-luchadoras-por-la-democracia-seremi-de-la-mujer-invita-a-participar-de-la-iniciativa-tejiendo-memorias-en-magallanes","status":"publish","type":"post","link":"https:\/\/www.radiopresidenteibanez.cl\/web\/junto-a-luchadoras-por-la-democracia-seremi-de-la-mujer-invita-a-participar-de-la-iniciativa-tejiendo-memorias-en-magallanes\/","title":{"rendered":"JUNTO A LUCHADORAS POR LA DEMOCRACIA SEREMI DE LA MUJER INVITA A PARTICIPAR DE LA INICIATIVA \u00abTEJIENDO MEMORIAS\u00bb EN MAGALLANES"},"content":{"rendered":"\n<p>Cartas a sus compa\u00f1eros presos pol\u00edticos, fotograf\u00edas de manifestaciones, y un hist\u00f3rico lienzo de<br>una de las m\u00e1s importantes organizaciones de mujeres que lucharon por la vuelta a la democracia<br>en la regi\u00f3n -Mujeres de Chile, MUDECHI-, fue parte de lo que se exhibi\u00f3 este viernes en las<br>dependencias de la Seremi de la Mujer y la Equidad de G\u00e9nero en Magallanes, lugar donde se<br>lanz\u00f3 a nivel regional la iniciativa \u201cTejiendo Memorias\u201d, instancia que busca recopilar, visibilizar y<br>resguardar archivos digitales de mujeres, diversidades y disidencias sexo-gen\u00e9ricas con motivo de<br>la conmemoraci\u00f3n de los 50 a\u00f1os del Golpe civil-militar.<br>Con emocionantes relatos y memorias, tres de estas luchadoras sociales, Esther Huala, ex presa<br>pol\u00edtica del Liceo de Ni\u00f1as, y actual integrante de la Agrupaci\u00f3n de Mujeres Presas Pol\u00edticas; Mar\u00eda<br>Ang\u00e9lica \u201cCoca\u201d C\u00e1rdenas, parte de las mujeres en resistencia de la d\u00e9cada de los \u201980 y cantora<br>popular en distintas manifestaciones en contra de la dictadura; y Flor Mayorga, esposa de ex preso<br>pol\u00edtico y participante de movimientos y organizaciones de mujeres por la recuperaci\u00f3n de la<br>democracia en Natales, fueron parte del lanzamiento que busca destacar a la organizaci\u00f3n de<br>mujeres en plena dictadura como uno de los primeros y m\u00e1s importantes procesos de<br>recomposici\u00f3n del tejido social de la \u00e9poca.<br>\u201cBuscamos hacer un aporte concreto a la memoria de las mujeres que aportaron para el retorno a<br>la democracia. Y tambi\u00e9n c\u00f3mo no recordar que precisamente a estas mujeres les debemos la<br>existencia del Ministerio de la Mujer. Fueron estas mujeres las que pidieron democracia en el pa\u00eds<br>y en la casa, quienes pese a ser vulneradas en sus derechos fundamentales, sostuvieron la vida.<br>Queremos recoger esta memoria para una mejor democracia y as\u00ed construir un mejor futuro\u201d,<br>declar\u00f3 la Seremi de la Mujer y la Equidad de G\u00e9nero Alejandra Ruiz Ovando.<br>El Delegado Presidencial Regional, Jos\u00e9 Ruiz Pivcevic, junto con agradecer la iniciativa reconoci\u00f3 el<br>hist\u00f3rico aporte y lucha de las mujeres: \u201cAl igual que los hombres fueron perseguidas, fueron<br>torturadas, y sufrieron la represi\u00f3n. Y a pesar de ello fueron las primeras en organizarse. Fueron<br>las que sostuvieron las familias, las que tejieron las primeras redes de solidaridad, y eso muchas<br>veces la historia lo invisibiliza. Este tipo de iniciativas donde se reivindica la importante lucha que<br>jugaron son actos de justicia\u201d, subray\u00f3 la autoridad.<br>Mar\u00eda Ang\u00e9lica \u201cCoca\u201d C\u00e1rdenas, en representaci\u00f3n de artistas de la \u00e9poca que lucharon por el<br>retorno a la democracia, llam\u00f3 a apoyar la instancia: \u00abCreo que hay que mantener viva la memoria,<br>no olvidar jam\u00e1s lo que pas\u00f3, para que no se vuelva a repetir. Tenemos que cuidar nuestra<\/p>\n\n\n\n<p>democracia y que jam\u00e1s nunca vuelva a pasar lo que sufrimos y sufrieron muchos chilenos y<br>chilenas\u201d. En tanto, la representante de presas pol\u00edticas de Magallanes, Esther Huala Aros, llam\u00f3 a<br>sobrevivientes de la represi\u00f3n a registrar sus testimonios: \u201cSoy parte de las mujeres que estuvimos<br>detenidas del a\u00f1o 1973 en adelante y quiero participar para el registro de estas memorias para<br>que quede en la Historia de Chile registrado esos momentos. Quiero invitar a las personas que<br>sufrieron lo mismo que yo en ese tiempo a que puedan hacer un peque\u00f1o registro sobre lo que<br>vivieron, para que no se olvide y para que tambi\u00e9n sea parte reconocida de la historia\u201d.<br>\u201cYo fui una de las mujeres que ayudaron a recuperar la democracia\u201d<br>Son tantas las mujeres que a partir de 1973 lucharon contra la dictadura civil-militar \u201cy muchas<br>partieron sin ser reconocidas en vida\u201d, lament\u00f3 Flor Mayorga C\u00e1rdenas, esposa de ex preso<br>pol\u00edtico y activa luchadora de Natales. Sosteniendo una copia del permiso que recibi\u00f3 del entonces<br>intendente de la \u00e9poca, relata que fue una de las cinco personas \u2013 de hecho, la \u00fanica mujer- que<br>convocaron a una de las primeras manifestaciones p\u00fablicas el 11 de octubre de 1986.<br>\u201cConvocamos al primer evento que reuni\u00f3 a todas las organizaciones pol\u00edticas y aquellos que<br>quer\u00edan la recuperaci\u00f3n de la democracia. Fuimos muy valientes en hacer este pedido, porque<br>reca\u00eda en nosotros toda la responsabilidad de lo que ocurriera en el trayecto. Fue impresionante y<br>me alegr\u00f3 tanto porque fue tanta la gente, tanta la multitud. Me recuerdo haber mirado desde la<br>calle Nogueira hacia arriba, o Avenida Espa\u00f1a hacia arriba, y ve\u00eda Independencia bajando ese mar<br>de gente, y nos dimos cuenta de la necesidad de organizarnos para poder seguir adelante para<br>recuperar la democracia\u201d.<br>\u201cEs muy necesario este reencuentro con la historia y con la memoria. Yo me comprometo y ojal\u00e1<br>aquellas autoridades, dirigentes de organizaciones femeninas, busquen tambi\u00e9n a las mujeres que<br>est\u00e1n en sus casas hace 40 a\u00f1os y que se presenten y digan: Yo fui una de estas mujeres que<br>ayudaron a recuperar la democracia\u201d, a\u00f1adi\u00f3 do\u00f1a Flor Mayorga.<\/p>\n","protected":false},"excerpt":{"rendered":"<p>Cartas a sus compa\u00f1eros presos pol\u00edticos, fotograf\u00edas de manifestaciones, y un hist\u00f3rico lienzo deuna de las m\u00e1s importantes organizaciones de mujeres que lucharon por la vuelta a la democraciaen la&#8230; <a class=\"read-more\" href=\"https:\/\/www.radiopresidenteibanez.cl\/web\/junto-a-luchadoras-por-la-democracia-seremi-de-la-mujer-invita-a-participar-de-la-iniciativa-tejiendo-memorias-en-magallanes\/\">Leer m\u00e1s<\/a><\/p>\n","protected":false},"author":2,"featured_media":41664,"comment_status":"closed","ping_status":"closed","sticky":false,"template":"","format":"standard","meta":{"footnotes":""},"categories":[1],"tags":[],"class_list":["post-41663","post","type-post","status-publish","format-standard","has-post-thumbnail","hentry","category-cronica"],"_links":{"self":[{"href":"https:\/\/www.radiopresidenteibanez.cl\/web\/wp-json\/wp\/v2\/posts\/41663","targetHints":{"allow":["GET"]}}],"collection":[{"href":"https:\/\/www.radiopresidenteibanez.cl\/web\/wp-json\/wp\/v2\/posts"}],"about":[{"href":"https:\/\/www.radiopresidenteibanez.cl\/web\/wp-json\/wp\/v2\/types\/post"}],"author":[{"embeddable":true,"href":"https:\/\/www.radiopresidenteibanez.cl\/web\/wp-json\/wp\/v2\/users\/2"}],"replies":[{"embeddable":true,"href":"https:\/\/www.radiopresidenteibanez.cl\/web\/wp-json\/wp\/v2\/comments?post=41663"}],"version-history":[{"count":0,"href":"https:\/\/www.radiopresidenteibanez.cl\/web\/wp-json\/wp\/v2\/posts\/41663\/revisions"}],"wp:featuredmedia":[{"embeddable":true,"href":"https:\/\/www.radiopresidenteibanez.cl\/web\/wp-json\/wp\/v2\/media\/41664"}],"wp:attachment":[{"href":"https:\/\/www.radiopresidenteibanez.cl\/web\/wp-json\/wp\/v2\/media?parent=41663"}],"wp:term":[{"taxonomy":"category","embeddable":true,"href":"https:\/\/www.radiopresidenteibanez.cl\/web\/wp-json\/wp\/v2\/categories?post=41663"},{"taxonomy":"post_tag","embeddable":true,"href":"https:\/\/www.radiopresidenteibanez.cl\/web\/wp-json\/wp\/v2\/tags?post=41663"}],"curies":[{"name":"wp","href":"https:\/\/api.w.org\/{rel}","templated":true}]}}