{"id":4164,"date":"2019-05-14T01:15:43","date_gmt":"2019-05-14T01:15:43","guid":{"rendered":"http:\/\/www.radiopresidenteibanez.cl\/web\/?p=4164"},"modified":"2019-05-14T01:16:33","modified_gmt":"2019-05-14T01:16:33","slug":"par-explora-magallanes-dio-a-conocer-sus-actividades-con-concurso-a-escolares","status":"publish","type":"post","link":"https:\/\/www.radiopresidenteibanez.cl\/web\/par-explora-magallanes-dio-a-conocer-sus-actividades-con-concurso-a-escolares\/","title":{"rendered":"PAR EXPLORA MAGALLANES DIO A CONOCER SUS ACTIVIDADES CON CONCURSO A ESCOLARES"},"content":{"rendered":"\n<p>Este lunes se dio el vamos a las actividades del Proyecto\nAsociativo Regional (PAR) Explora de CONICYT, Regi\u00f3n de Magallanes y la\nAnt\u00e1rtica Chilena. Con talleres y charlas de acad\u00e9micos de la Universidad de\nMagallanes se dio a conocer la tem\u00e1tica de este 2019, que corresponde al \u201cA\u00f1o\ndel Sol\u201d. <\/p>\n\n\n\n<p>La primera conferencia estuvo a cargo de Dusan\nMartinovic, encargado de Educaci\u00f3n del Museo Regional de Magallanes, quien\nexplic\u00f3 la relaci\u00f3n del sol con las culturas ancestrales y su importancia en\nellas. La segunda presentaci\u00f3n, a cargo del Dr. Am\u00e9rico Montiel, abord\u00f3 c\u00f3mo\nser\u00eda la vida sin esta estrella. En la actividad asistieron cerca de 60\nestudiantes, quienes participaron activamente de las preguntas que el equipo\nExplora prepar\u00f3 para ellos, con relaci\u00f3n a este astro.<\/p>\n\n\n\n<p>\u201cNuestras actividades se regir\u00e1n este a\u00f1o por cuatro ejes\nprincipales que ser\u00e1n el Sol como astro, como fuente de vida, de energ\u00eda, y divinidad.\nEl objetivo es mostrar a trav\u00e9s de las distintas ciencias su influencia en la\nvida en general\u201d, explic\u00f3 Claudia Salinas, directora del PAR Explora\nMagallanes. <\/p>\n\n\n\n<p>La ceremonia finaliz\u00f3 con un concurso para los\nasistentes, el que consisti\u00f3 en adivinar el nombre de diversas actividades\nrealizadas por el proyecto de difusi\u00f3n y divulgaci\u00f3n cient\u00edfica, ejecutado por\nla Universidad de Magallanes. <\/p>\n\n\n\n<p><strong>Lo que se viene<\/strong><\/p>\n\n\n\n<p>Este mi\u00e9rcoles se iniciar\u00e1 la primera actividad masiva\ndel PAR Explora Magallanes, quien estar\u00e1 apoyando al Liceo Mar\u00eda Mazzarello de\nPuerto Natales en su tradicional Feria Cient\u00edfica Escolar, que cumple 20 a\u00f1os. \u201cSer\u00e1n\ncerca de 30 proyectos participantes, y muchos de ellos pertenecen a los clubes\ncient\u00edficos escolares que apoyamos durante todo el a\u00f1o\u201d, manifest\u00f3 Salinas. <\/p>\n\n\n\n<p>Expomar, Campamentos Cient\u00edficos Escolares y Semana\nNacional de la Ciencia y la Tecnolog\u00eda, son solo algunas de las iniciativas,\ncon las que se pretende llegar a las localidades m\u00e1s aisladas del territorio. <\/p>\n\n\n\n<p>Si bien nuestra regi\u00f3n no podr\u00e1 disfrutar a cabalidad de los sucesos astron\u00f3micos que acontecer\u00e1n durante este 2019, el PAR Explora Magallanes invita a la comunidad a participar activamente de las actividades que la instituci\u00f3n tiene para ellos, con el fin de conocer la importancia de este astro en el diario vivir de todos los organismos terrestres.<\/p>\n\n\n\n<p><strong>Calendario actividades PAR Explora Magallanes 2019<\/strong><\/p>\n\n\n\n<table class=\"wp-block-table\"><tbody><tr><td>\n  <strong>FECHA<\/strong>\n  <\/td><td>\n  <strong>ACTIVIDAD<\/strong>\n  <\/td><td>\n  <strong>LUGAR<\/strong>\n  <\/td><\/tr><tr><td>\n  15 al 17 de mayo\n  <\/td><td>\n  Feria Cient\u00edfica Escolar\n  <\/td><td>\n  Liceo Mar\u00eda Mazzarello &#8211; Puerto Natales\n  <\/td><\/tr><tr><td>\n  23 de mayo\n  <\/td><td>\n  Apoyo Expomar\n  <\/td><td>\n  Punta Arenas\n  <\/td><\/tr><tr><td>\n  5 de junio\n  <\/td><td>\n  Cine \u2013 MA (CREA Magallanes)\n  <\/td><td>\n  Punta Arenas\n  <\/td><\/tr><tr><td>\n  19, 20 y 21 de junio\n  <\/td><td>\n  Feria Ant\u00e1rtica Escolar (FAE) Inach\n  <\/td><td>\n  Punta Arenas\n  <\/td><\/tr><tr><td>\n  8 al 12 de julio\n  <\/td><td>\n  Talleres de Invierno\n  <\/td><td>\n  Punta Arenas\n  Porvenir (por confirmar)\n  <\/td><\/tr><tr><td>\n  28 al 30 de agosto\n  <\/td><td>\n  Feria Cient\u00edfica Escolar\n  <\/td><td>\n  Liceo Polivalente Hernando de Magallanes\n  &#8211; Porvenir\n  <\/td><\/tr><tr><td>\n  7 al 11 de octubre\n  <\/td><td>\n  Semana Nacional de la Ciencia y la\n  Tecnolog\u00eda (SNCyT)\n  <\/td><td>\n  Por confirmar\n  <\/td><\/tr><tr><td>\n  28 al 30 de octubre\n  <\/td><td>\n  Congreso Regional Escolar de la Ciencia\n  y la Tecnolog\u00eda (CRECyT)\n  <\/td><td>\n  Por confirmar\n  <\/td><\/tr><tr><td>\n  8 de noviembre\n  <\/td><td>\n  Congresito Explorines de la Ciencia y\n  la Tecnolog\u00eda\n  <\/td><td>\n  Por confirmar\n  <\/td><\/tr><tr><td>\n  Por Confirmar\n  <\/td><td>\n  Mini Feria Cient\u00edfica Escolar Puerto\n  Natales\n  <\/td><td>\n  Liceo Mar\u00eda Mazzarello\n  <\/td><\/tr><tr><td>\n  6 al 10 de enero 2020\n  <\/td><td>\n  Campamento Cient\u00edfico Escolar Puerto\n  Natales\n  <\/td><td>\n  Por confirmar\n  <\/td><\/tr><tr><td>\n  13 al 17 de enero 2010\n  <\/td><td>\n  Campamento Cient\u00edfico Escolar Punta\n  Arenas\n  <\/td><td>\n  Por confirmar\n  <\/td><\/tr><tr><td>\n  20 al 24 de enero 2020\n  <\/td><td>\n  Campamento Cient\u00edfico Escolar Porvenir\n  <\/td><td>\n  Por confirmar\n  <\/td><\/tr><\/tbody><\/table>\n\n\n\n<p>\u00a0\u00a0\u00a0\u00a0\u00a0\u00a0\u00a0 *Fechas sujetas a modificaciones.<\/p>\n\n\n\n<figure class=\"wp-block-image\"><img loading=\"lazy\" decoding=\"async\" width=\"1024\" height=\"768\" src=\"https:\/\/www.radiopresidenteibanez.cl\/web\/wp-content\/uploads\/2019\/05\/Lanzamiento-Explora-2019-4-1024x768.jpeg\" alt=\"\" class=\"wp-image-4165\" srcset=\"https:\/\/www.radiopresidenteibanez.cl\/web\/wp-content\/uploads\/2019\/05\/Lanzamiento-Explora-2019-4-1024x768.jpeg 1024w, https:\/\/www.radiopresidenteibanez.cl\/web\/wp-content\/uploads\/2019\/05\/Lanzamiento-Explora-2019-4-300x225.jpeg 300w, https:\/\/www.radiopresidenteibanez.cl\/web\/wp-content\/uploads\/2019\/05\/Lanzamiento-Explora-2019-4-768x576.jpeg 768w, https:\/\/www.radiopresidenteibanez.cl\/web\/wp-content\/uploads\/2019\/05\/Lanzamiento-Explora-2019-4.jpeg 1280w\" sizes=\"auto, (max-width: 1024px) 100vw, 1024px\" \/><\/figure>\n","protected":false},"excerpt":{"rendered":"<p>Este lunes se dio el vamos a las actividades del Proyecto Asociativo Regional (PAR) Explora de CONICYT, Regi\u00f3n de Magallanes y la Ant\u00e1rtica Chilena. Con talleres y charlas de acad\u00e9micos&#8230; <a class=\"read-more\" href=\"https:\/\/www.radiopresidenteibanez.cl\/web\/par-explora-magallanes-dio-a-conocer-sus-actividades-con-concurso-a-escolares\/\">Leer m\u00e1s<\/a><\/p>\n","protected":false},"author":2,"featured_media":4165,"comment_status":"closed","ping_status":"closed","sticky":false,"template":"","format":"standard","meta":{"footnotes":""},"categories":[1],"tags":[],"class_list":["post-4164","post","type-post","status-publish","format-standard","has-post-thumbnail","hentry","category-cronica"],"_links":{"self":[{"href":"https:\/\/www.radiopresidenteibanez.cl\/web\/wp-json\/wp\/v2\/posts\/4164","targetHints":{"allow":["GET"]}}],"collection":[{"href":"https:\/\/www.radiopresidenteibanez.cl\/web\/wp-json\/wp\/v2\/posts"}],"about":[{"href":"https:\/\/www.radiopresidenteibanez.cl\/web\/wp-json\/wp\/v2\/types\/post"}],"author":[{"embeddable":true,"href":"https:\/\/www.radiopresidenteibanez.cl\/web\/wp-json\/wp\/v2\/users\/2"}],"replies":[{"embeddable":true,"href":"https:\/\/www.radiopresidenteibanez.cl\/web\/wp-json\/wp\/v2\/comments?post=4164"}],"version-history":[{"count":0,"href":"https:\/\/www.radiopresidenteibanez.cl\/web\/wp-json\/wp\/v2\/posts\/4164\/revisions"}],"wp:featuredmedia":[{"embeddable":true,"href":"https:\/\/www.radiopresidenteibanez.cl\/web\/wp-json\/wp\/v2\/media\/4165"}],"wp:attachment":[{"href":"https:\/\/www.radiopresidenteibanez.cl\/web\/wp-json\/wp\/v2\/media?parent=4164"}],"wp:term":[{"taxonomy":"category","embeddable":true,"href":"https:\/\/www.radiopresidenteibanez.cl\/web\/wp-json\/wp\/v2\/categories?post=4164"},{"taxonomy":"post_tag","embeddable":true,"href":"https:\/\/www.radiopresidenteibanez.cl\/web\/wp-json\/wp\/v2\/tags?post=4164"}],"curies":[{"name":"wp","href":"https:\/\/api.w.org\/{rel}","templated":true}]}}