{"id":41636,"date":"2023-07-28T16:05:00","date_gmt":"2023-07-28T19:05:00","guid":{"rendered":"https:\/\/www.radiopresidenteibanez.cl\/web\/?p=41636"},"modified":"2023-07-28T11:11:41","modified_gmt":"2023-07-28T14:11:41","slug":"deportista-castreno-cruzara-a-nado-la-bahia-de-porvenir-por-el-80-aniversario-del-centro-hijos-de-chiloe","status":"publish","type":"post","link":"https:\/\/www.radiopresidenteibanez.cl\/web\/deportista-castreno-cruzara-a-nado-la-bahia-de-porvenir-por-el-80-aniversario-del-centro-hijos-de-chiloe\/","title":{"rendered":"DEPORTISTA CASTRE\u00d1O CRUZARA A NADO LA BAHIA DE PORVENIR POR EL 80\u00b0 ANIVERSARIO DEL CENTRO HIJOS DE CHILOE"},"content":{"rendered":"\n<p>El Centro Social Hijos de Chilo\u00e9 de la comuna de Porvenir, capital de la provincia de Tierra del Fuego, celebra este mes su 80\u00b0 aniversario con un evento muy especial: el nadador profesional oriundo de Castro, Fernando \u00c1guila C\u00e1rdenas, cruzar\u00e1 a nado la bah\u00eda recorriendo aproximadamente unos 4 kil\u00f3metros de aguas g\u00e9lidas hasta llegar al frontis de las oficinas de TABSA.<\/p>\n\n\n\n<p>Fundado el 25 de julio de 1943, este Centro Social es el m\u00e1s antiguo de la Patagonia chileno-argentina y el segundo m\u00e1s antiguo del pa\u00eds (hay otro similar en Puerto Montt).<\/p>\n\n\n\n<p>En di\u00e1logo con Municipio Radio, el presidente de la instituci\u00f3n, Renato Andrade M\u00e1rquez, agradeci\u00f3 la presencia del nadador de Castro, que le suma un tono \u00e9pico a este aniversario, ya que es una traves\u00eda complicada por las corrientes y por las temperaturas extremas.<\/p>\n\n\n\n<h2 class=\"wp-block-heading\"><a><\/a>Cruce a nado de la Bah\u00eda de Porvenir<\/h2>\n\n\n\n<p>Este evento tendr\u00e1 lugar el s\u00e1bado 29 y est\u00e1 previsto que \u00c1guila C\u00e1rdenas comience a nadar a las 12:30. El horario, de todos modos, puede cambiar. De hecho, el evento ya fue reprogramado por recomendaci\u00f3n de la Capitan\u00eda de Puerto.<\/p>\n\n\n\n<p>El deportista tiene una amplia experiencia en este tipo de traves\u00edas de aguas abiertas, llamados \u201cproezas\u201d, en los que cuenta mucho la preparaci\u00f3n, la t\u00e9cnica y la resistencia. \u00c1guila C\u00e1rdenas realiz\u00f3 varios de estos cruces en el archipi\u00e9lago de Chilo\u00e9 y en el Canal de Chacao, por ejemplo, pero tambi\u00e9n en el Estrecho de Magallanes. En total, son m\u00e1s de 25 a\u00f1os de dedicaci\u00f3n que le han permitido dominar las proezas en aguas g\u00e9lidas y distancias largas.<\/p>\n\n\n\n<p>\u201cQuiero agradecer el apoyo log\u00edstico y humano que hemos encontrado aqu\u00ed, por parte de la gente del Centro Social Hijos de Chilo\u00e9, de la Capitan\u00eda de Puerto y de los vecinos y vecinas en general\u201d, coment\u00f3 el atleta.<\/p>\n\n\n\n<p>\u00c1guila C\u00e1rdenas lleg\u00f3 a Porvenir acompa\u00f1ado por su entrenador, Pedro Ana\u00edn, quien destac\u00f3 que el nadador se encuentra \u201cen un excelente estado de preparaci\u00f3n f\u00edsica y mental\u201d para asumir el desaf\u00edo.<\/p>\n\n\n\n<h2 class=\"wp-block-heading\"><a><\/a>Aniversario del Centro Social Hijos de Chilo\u00e9<\/h2>\n\n\n\n<p>Las actividades conmemorativas por el 80\u00b0 aniversario del Centro Social Hijos de Chilo\u00e9 comenzaron el domingo 23 con una misa y romer\u00eda en recuerdo de los socios fallecidos, seguida de un encuentro gastron\u00f3mico con delicias chilotas.<\/p>\n\n\n\n<p>De todos modos, el plato fuerte llegar\u00e1 este s\u00e1bado con el cruce a nado de la Bah\u00eda de Porvenir. Ese mismo d\u00eda, por la noche, habr\u00e1 una cena exclusiva para socios (que actualmente son entre 300 y 350).<\/p>\n\n\n\n<p>Seg\u00fan coment\u00f3 el presidente, el Centro Social ha sido renovado y remodelado en tiempos recientes gracias a una gesti\u00f3n activa que permiti\u00f3 acceder a distintos programas gubernamentales de financiamiento.<\/p>\n","protected":false},"excerpt":{"rendered":"<p>El Centro Social Hijos de Chilo\u00e9 de la comuna de Porvenir, capital de la provincia de Tierra del Fuego, celebra este mes su 80\u00b0 aniversario con un evento muy especial:&#8230; <a class=\"read-more\" href=\"https:\/\/www.radiopresidenteibanez.cl\/web\/deportista-castreno-cruzara-a-nado-la-bahia-de-porvenir-por-el-80-aniversario-del-centro-hijos-de-chiloe\/\">Leer m\u00e1s<\/a><\/p>\n","protected":false},"author":2,"featured_media":41637,"comment_status":"closed","ping_status":"closed","sticky":false,"template":"","format":"standard","meta":{"footnotes":""},"categories":[1],"tags":[],"class_list":["post-41636","post","type-post","status-publish","format-standard","has-post-thumbnail","hentry","category-cronica"],"_links":{"self":[{"href":"https:\/\/www.radiopresidenteibanez.cl\/web\/wp-json\/wp\/v2\/posts\/41636","targetHints":{"allow":["GET"]}}],"collection":[{"href":"https:\/\/www.radiopresidenteibanez.cl\/web\/wp-json\/wp\/v2\/posts"}],"about":[{"href":"https:\/\/www.radiopresidenteibanez.cl\/web\/wp-json\/wp\/v2\/types\/post"}],"author":[{"embeddable":true,"href":"https:\/\/www.radiopresidenteibanez.cl\/web\/wp-json\/wp\/v2\/users\/2"}],"replies":[{"embeddable":true,"href":"https:\/\/www.radiopresidenteibanez.cl\/web\/wp-json\/wp\/v2\/comments?post=41636"}],"version-history":[{"count":0,"href":"https:\/\/www.radiopresidenteibanez.cl\/web\/wp-json\/wp\/v2\/posts\/41636\/revisions"}],"wp:featuredmedia":[{"embeddable":true,"href":"https:\/\/www.radiopresidenteibanez.cl\/web\/wp-json\/wp\/v2\/media\/41637"}],"wp:attachment":[{"href":"https:\/\/www.radiopresidenteibanez.cl\/web\/wp-json\/wp\/v2\/media?parent=41636"}],"wp:term":[{"taxonomy":"category","embeddable":true,"href":"https:\/\/www.radiopresidenteibanez.cl\/web\/wp-json\/wp\/v2\/categories?post=41636"},{"taxonomy":"post_tag","embeddable":true,"href":"https:\/\/www.radiopresidenteibanez.cl\/web\/wp-json\/wp\/v2\/tags?post=41636"}],"curies":[{"name":"wp","href":"https:\/\/api.w.org\/{rel}","templated":true}]}}