{"id":41630,"date":"2023-07-28T13:46:00","date_gmt":"2023-07-28T16:46:00","guid":{"rendered":"https:\/\/www.radiopresidenteibanez.cl\/web\/?p=41630"},"modified":"2023-07-28T09:57:08","modified_gmt":"2023-07-28T12:57:08","slug":"cifras-alarmantes-en-el-consumo-de-drogas-dentro-de-la-region-entrego-senda-en-reunion-con-consejeros-regionales","status":"publish","type":"post","link":"https:\/\/www.radiopresidenteibanez.cl\/web\/cifras-alarmantes-en-el-consumo-de-drogas-dentro-de-la-region-entrego-senda-en-reunion-con-consejeros-regionales\/","title":{"rendered":"CIFRAS ALARMANTES EN EL CONSUMO DE DROGAS DENTRO DE LA REGI\u00d3N ENTREGO SENDA EN REUNION CON CONSEJEROS REGIONALES"},"content":{"rendered":"\n<p>Consejo Regional se mostr\u00f3 preocupado por los altos porcentajes de consumo de drogas en la<br>regi\u00f3n de Magallanes, seg\u00fan exposici\u00f3n realizada a este cuerpo colegiado por parte de la directora<br>del Servicio Nacional para la Prevenci\u00f3n y Rehabilitaci\u00f3n del Consumo de Drogas y Alcohol<br>(SENDA) Sra. Lorena Guala V.<br>El pasado martes ante la Comisi\u00f3n Social y Cultural, la directora pudo exponer sobre los resultados<br>de los \u00faltimos estudios, los cuales se refieren al consumo de drogas licitas e il\u00edcitas por parte de los<br>diferentes grupos etarios, considerando infanto\/adolescentes hasta los adultos y personas en<br>situaci\u00f3n de calle.<br>Seg\u00fan los \u00faltimos an\u00e1lisis arrojados el presente a\u00f1o, dentro del programa denominado \u2018\u2019Poblaci\u00f3n<br>Escolar\u2019\u2019, realizado a los alumnos de 8vo hasta 4to medio periodo 2019 \u2013 2021 en la regi\u00f3n de<br>Magallanes, demuestra como principales sustancias ingeridas, la marihuana o cannabis con un<br>22,9%, seguido del alcohol con un 22,4% y en tercer lugar tranquilizantes con un 9,9%.<br>El consejero y m\u00e9dico psiquiatra Juan Vukusich C, quien como especialista en la materia quiso<br>referirse al tema comentando, \u2018\u2019es bastante alto y bastante complejo, sobre todo el hecho de que<br>actualmente uno de los problemas m\u00e1s serios que existen es que al menos un 5% aparece<br>consumiendo coca\u00edna en al menos un momento en el \u00faltimo tiempo, cosa que no se ve\u00eda antes,<br>por lo tanto es necesario tener una mayor preocupaci\u00f3n sobre todo a nivel de los colegios de<br>modo de que haya una mayor conciencia del riesgo, lo mismo pasa con la marihuana que aparece<br>como que aumento la percepci\u00f3n de riesgo pero no es lo que uno ve en la cl\u00ednica\u2019\u2019.<br>Actualmente SENDA en la zona trabaja con programas de prevenci\u00f3n integral, abarcando 3<br>grandes \u00e1mbitos; programa de prevenci\u00f3n en espacios laborales, programa PrePARA2 para los<br>estudiantes, programa prevenci\u00f3n ambiental que trabaja con los docentes, el equipo directivo,<br>paradocentes y por \u00faltimo el programa de parentalidad que busca fortalecer el v\u00ednculo familiar.<\/p>\n","protected":false},"excerpt":{"rendered":"<p>Consejo Regional se mostr\u00f3 preocupado por los altos porcentajes de consumo de drogas en laregi\u00f3n de Magallanes, seg\u00fan exposici\u00f3n realizada a este cuerpo colegiado por parte de la directoradel Servicio&#8230; <a class=\"read-more\" href=\"https:\/\/www.radiopresidenteibanez.cl\/web\/cifras-alarmantes-en-el-consumo-de-drogas-dentro-de-la-region-entrego-senda-en-reunion-con-consejeros-regionales\/\">Leer m\u00e1s<\/a><\/p>\n","protected":false},"author":2,"featured_media":41631,"comment_status":"closed","ping_status":"closed","sticky":false,"template":"","format":"standard","meta":{"footnotes":""},"categories":[1],"tags":[],"class_list":["post-41630","post","type-post","status-publish","format-standard","has-post-thumbnail","hentry","category-cronica"],"_links":{"self":[{"href":"https:\/\/www.radiopresidenteibanez.cl\/web\/wp-json\/wp\/v2\/posts\/41630","targetHints":{"allow":["GET"]}}],"collection":[{"href":"https:\/\/www.radiopresidenteibanez.cl\/web\/wp-json\/wp\/v2\/posts"}],"about":[{"href":"https:\/\/www.radiopresidenteibanez.cl\/web\/wp-json\/wp\/v2\/types\/post"}],"author":[{"embeddable":true,"href":"https:\/\/www.radiopresidenteibanez.cl\/web\/wp-json\/wp\/v2\/users\/2"}],"replies":[{"embeddable":true,"href":"https:\/\/www.radiopresidenteibanez.cl\/web\/wp-json\/wp\/v2\/comments?post=41630"}],"version-history":[{"count":0,"href":"https:\/\/www.radiopresidenteibanez.cl\/web\/wp-json\/wp\/v2\/posts\/41630\/revisions"}],"wp:featuredmedia":[{"embeddable":true,"href":"https:\/\/www.radiopresidenteibanez.cl\/web\/wp-json\/wp\/v2\/media\/41631"}],"wp:attachment":[{"href":"https:\/\/www.radiopresidenteibanez.cl\/web\/wp-json\/wp\/v2\/media?parent=41630"}],"wp:term":[{"taxonomy":"category","embeddable":true,"href":"https:\/\/www.radiopresidenteibanez.cl\/web\/wp-json\/wp\/v2\/categories?post=41630"},{"taxonomy":"post_tag","embeddable":true,"href":"https:\/\/www.radiopresidenteibanez.cl\/web\/wp-json\/wp\/v2\/tags?post=41630"}],"curies":[{"name":"wp","href":"https:\/\/api.w.org\/{rel}","templated":true}]}}