{"id":41627,"date":"2023-07-28T12:42:00","date_gmt":"2023-07-28T15:42:00","guid":{"rendered":"https:\/\/www.radiopresidenteibanez.cl\/web\/?p=41627"},"modified":"2023-07-28T09:46:05","modified_gmt":"2023-07-28T12:46:05","slug":"con-documental-y-conversatorio-rescatan-memoria-y-legado-de-la-federacion-obrera-de-magallanes-fom","status":"publish","type":"post","link":"https:\/\/www.radiopresidenteibanez.cl\/web\/con-documental-y-conversatorio-rescatan-memoria-y-legado-de-la-federacion-obrera-de-magallanes-fom\/","title":{"rendered":"CON DOCUMENTAL Y CONVERSATORIO RESCATAN MEMORIA Y LEGADO DE LA FEDERACION OBRERA DE MAGALLANES (FOM)"},"content":{"rendered":"\n<p>Con una concurrencia que cont\u00f3 con la participaci\u00f3n de<br>dirigentes sindicales, l\u00edderes secundarios, representantes de la Central Unitaria de Trabajadores<br>(Cut) y Anef Magallanes; adem\u00e1s de autoridades locales, la secretar\u00eda regional ministerial del<br>Trabajo llev\u00f3 a cabo actividad de conmemoraci\u00f3n de los 103 a\u00f1os del asalto e incendio a la<br>Federaci\u00f3n Obrera de Magallanes (FOM).<br>Por segundo a\u00f1o consecutivo, el gobierno, a trav\u00e9s de la cartera del Trabajo en la regi\u00f3n, ejecuta<br>un acto que tiene por objetivo rescatar la memoria hist\u00f3rica y recordar el legado de las y los<br>trabajadores magall\u00e1nicos pioneros en la lucha sindical a nivel regional y nacional.<br>As\u00ed lo expres\u00f3 la seremi del Trabajo, Doris Sandoval, al concluir el acto en el cual se expuso el<br>documental \u201cLluvia \u00c1cida\u201d que relata parte de la historia de la FOM a trav\u00e9s de relatos de<br>sindicalistas locales, m\u00fasica e im\u00e1genes hist\u00f3ricas.<br>\u201cComo gobierno del Presidente Gabriel Boric, estamos empe\u00f1ados en contribuir a que esa<br>memoria y legado que nos dej\u00f3 la Federaci\u00f3n Obrera de Magallanes sean rescatados y recordados.<br>Una federaci\u00f3n que en su sede obrera contaba con una imprenta, con un diario propio, con un<br>teatro, habla de una capacidad de organizaci\u00f3n y de un legado que las j\u00f3venes generaciones del<br>mundo sindical est\u00e1n llamadas a honrar en este espacio que, como gobierno, hemos levantado por<br>segundo a\u00f1o. Estamos conmemorando 103 a\u00f1os de los hechos acaecidos el 27 de julio de 1920 y<br>creemos que estamos llamados a preservar esta memoria encontr\u00e1ndonos y conversando sobre<br>esto para que no haya olvido\u201d, se\u00f1al\u00f3 la secretaria regional.<br>La actividad cont\u00f3 con la presencia de los dirigentes secundarios agrupados en el Consejo<br>Estudiantil Secundario (CES) de la regi\u00f3n, a quienes se les invit\u00f3 a conocer y reflexionar sobre la<br>historia obrera sindical de la zona.<br>Al respecto, Benjam\u00edn Rodr\u00edguez, presidente del Consejo Estudiantil, coment\u00f3 que \u201cesta es una<br>fecha sumamente importante, es una jornada conmemorativa, pero tambi\u00e9n hist\u00f3rica para la<br>regi\u00f3n. Considero que esta historia no es conocida entre los estudiantes y que deber\u00eda ser<br>visibilizada, ojal\u00e1, en todos los establecimientos educacionales de la regi\u00f3n, porque es muy<br>relevante para que las personas conozcan lo que ocurri\u00f3 aqu\u00ed\u201d.<br>El documental expuesto durante la jornada fue realizado el a\u00f1o 2011 en Magallanes, de manera<br>pionera y visionaria, por el periodista y m\u00fasico magall\u00e1nico Rafael Cheuquelaf, integrante del d\u00fao<br>\u201cLluvia \u00c1cida\u201d.<\/p>\n\n\n\n<p>En sus palabras, \u201cesta obra relata, mediante una mezcla de m\u00fasica y material hist\u00f3rico, lo que fue<br>la lucha de mujeres y hombres que buscaron una vida digna en el conf\u00edn del mundo, en<br>condiciones mucho m\u00e1s dif\u00edciles que las actuales y, aun as\u00ed, ellos lograron grandes avances, tal vez,<br>por lo mismo, es que sufrieron una represi\u00f3n tan cruel. Es importante que los magall\u00e1nicos<br>recordemos esto a\u00f1o a a\u00f1o, porque no se trata solamente de trabajadores asesinados hace cien<br>a\u00f1os, se trata del derecho a vivir una vida digna en todos los \u00e1mbitos en nuestro territorio\u201d.<br>Tras la exposici\u00f3n del documental, el historiador Manuel Rodr\u00edguez, relat\u00f3 parte de los hechos<br>acontecidos hace 103 a\u00f1os, llamando a la reflexi\u00f3n de las y los presentes, se\u00f1alando que \u201cel asalto<br>e incendio de la Federaci\u00f3n Obrera de Magallanes es algo que sigue ocurriendo, por cuanto no<br>hubo justicia para quienes sufrieron esta represi\u00f3n y que configur\u00f3 la m\u00e1s grave violaci\u00f3n a los<br>derechos humanos perpetrada en la regi\u00f3n de Magallanes hasta antes de lo ocurrido en 1973\u201d.<\/p>\n","protected":false},"excerpt":{"rendered":"<p>Con una concurrencia que cont\u00f3 con la participaci\u00f3n dedirigentes sindicales, l\u00edderes secundarios, representantes de la Central Unitaria de Trabajadores(Cut) y Anef Magallanes; adem\u00e1s de autoridades locales, la secretar\u00eda regional ministerial&#8230; <a class=\"read-more\" href=\"https:\/\/www.radiopresidenteibanez.cl\/web\/con-documental-y-conversatorio-rescatan-memoria-y-legado-de-la-federacion-obrera-de-magallanes-fom\/\">Leer m\u00e1s<\/a><\/p>\n","protected":false},"author":2,"featured_media":41628,"comment_status":"closed","ping_status":"closed","sticky":false,"template":"","format":"standard","meta":{"footnotes":""},"categories":[1],"tags":[],"class_list":["post-41627","post","type-post","status-publish","format-standard","has-post-thumbnail","hentry","category-cronica"],"_links":{"self":[{"href":"https:\/\/www.radiopresidenteibanez.cl\/web\/wp-json\/wp\/v2\/posts\/41627","targetHints":{"allow":["GET"]}}],"collection":[{"href":"https:\/\/www.radiopresidenteibanez.cl\/web\/wp-json\/wp\/v2\/posts"}],"about":[{"href":"https:\/\/www.radiopresidenteibanez.cl\/web\/wp-json\/wp\/v2\/types\/post"}],"author":[{"embeddable":true,"href":"https:\/\/www.radiopresidenteibanez.cl\/web\/wp-json\/wp\/v2\/users\/2"}],"replies":[{"embeddable":true,"href":"https:\/\/www.radiopresidenteibanez.cl\/web\/wp-json\/wp\/v2\/comments?post=41627"}],"version-history":[{"count":0,"href":"https:\/\/www.radiopresidenteibanez.cl\/web\/wp-json\/wp\/v2\/posts\/41627\/revisions"}],"wp:featuredmedia":[{"embeddable":true,"href":"https:\/\/www.radiopresidenteibanez.cl\/web\/wp-json\/wp\/v2\/media\/41628"}],"wp:attachment":[{"href":"https:\/\/www.radiopresidenteibanez.cl\/web\/wp-json\/wp\/v2\/media?parent=41627"}],"wp:term":[{"taxonomy":"category","embeddable":true,"href":"https:\/\/www.radiopresidenteibanez.cl\/web\/wp-json\/wp\/v2\/categories?post=41627"},{"taxonomy":"post_tag","embeddable":true,"href":"https:\/\/www.radiopresidenteibanez.cl\/web\/wp-json\/wp\/v2\/tags?post=41627"}],"curies":[{"name":"wp","href":"https:\/\/api.w.org\/{rel}","templated":true}]}}