{"id":41621,"date":"2023-07-28T10:27:00","date_gmt":"2023-07-28T13:27:00","guid":{"rendered":"https:\/\/www.radiopresidenteibanez.cl\/web\/?p=41621"},"modified":"2023-07-28T08:33:19","modified_gmt":"2023-07-28T11:33:19","slug":"en-magallanes-se-realizo-encuentro-con-agrupaciones-dd-hh-en-el-marco-del-plan-nacional-de-busqueda","status":"publish","type":"post","link":"https:\/\/www.radiopresidenteibanez.cl\/web\/en-magallanes-se-realizo-encuentro-con-agrupaciones-dd-hh-en-el-marco-del-plan-nacional-de-busqueda\/","title":{"rendered":"EN MAGALLANES SE REALIZO ENCUENTRO CON AGRUPACIONES DD.HH. EN EL MARCO DEL PLAN NACIONAL DE BUSQUEDA"},"content":{"rendered":"\n<p>En la fase final de la elaboraci\u00f3n del Plan Nacional de B\u00fasqueda para las v\u00edctimas de desaparici\u00f3n<br>forzada, la Seremi de Justicia y Derechos Humanos, Michelle Peutat Alvarado, particip\u00f3 en un<br>encuentro regional con representantes de organizaciones hist\u00f3ricas de Derechos Humanos en<br>Magallanes. El objetivo del encuentro fue resolver dudas, incorporar opiniones y contribuir con<br>aportaciones finales a la construcci\u00f3n del Plan.<br>En relaci\u00f3n al proceso del Plan Nacional de B\u00fasqueda, el Ministro Luis Cordero, destac\u00f3 el rol que<br>permanentemente han realizado los familiares y agrupaciones y el esfuerzo del Estado, subrayando<br>que: \u201cLa verdad debe enfrentar a la mentira, la memoria tiene que hacerse cargo del olvido y la<br>virtud de la justicia debe impedir la impunidad, estos tres elementos son claves para el Plan Nacional<br>de B\u00fasqueda\u201d.<br>Al respecto, la Seremi Michelle Peutat manifest\u00f3 que \u201cdesde Punta Arenas nos correspondi\u00f3<br>participar del Encuentro Macrorregional de la Zona Sur y Extremo Sur, con representantes de<br>agrupaciones de familiares y organizaciones de Derechos Humanos para abordar el resultado del<br>proceso participativo del Plan Nacional de B\u00fasqueda. Tal como lo ha expresado nuestro Ministro de<br>Justicia y DD.HH., estamos avanzando juntas y juntos en una pol\u00edtica p\u00fablica del Estado de Chile, por<br>verdad, justicia y no repetici\u00f3n, de manera que este ejercicio de verdad plena se transforme en una<br>obligaci\u00f3n permanente del Estado, que nos permita construir sobre una base de irrestricto respeto a<br>los Derechos Humanos\u201d.<br>Durante 8 meses a familiares y organizaciones de derechos humanos, participaron las instancias<br>participativas para la construcci\u00f3n del Plan Nacional de B\u00fasqueda. En el proceso de dise\u00f1o del Plan<br>se realizaron 67 encuentros en todo el pa\u00eds, donde participaron m\u00e1s de 700 personas y 5 seminarios<br>con cerca de 4 mil participantes presenciales y\/o virtuales.<br>El Plan Nacional de B\u00fasqueda, tiene por objetivo esclarecer las circunstancias de desaparici\u00f3n y\/o<br>muerte de las personas v\u00edctimas de desaparici\u00f3n forzada, de manera sistem\u00e1tica y permanente, de<br>conformidad con las obligaciones del Estado de Chile y los est\u00e1ndares internacionales<\/p>\n","protected":false},"excerpt":{"rendered":"<p>En la fase final de la elaboraci\u00f3n del Plan Nacional de B\u00fasqueda para las v\u00edctimas de desaparici\u00f3nforzada, la Seremi de Justicia y Derechos Humanos, Michelle Peutat Alvarado, particip\u00f3 en unencuentro&#8230; <a class=\"read-more\" href=\"https:\/\/www.radiopresidenteibanez.cl\/web\/en-magallanes-se-realizo-encuentro-con-agrupaciones-dd-hh-en-el-marco-del-plan-nacional-de-busqueda\/\">Leer m\u00e1s<\/a><\/p>\n","protected":false},"author":2,"featured_media":41622,"comment_status":"closed","ping_status":"closed","sticky":false,"template":"","format":"standard","meta":{"footnotes":""},"categories":[1],"tags":[],"class_list":["post-41621","post","type-post","status-publish","format-standard","has-post-thumbnail","hentry","category-cronica"],"_links":{"self":[{"href":"https:\/\/www.radiopresidenteibanez.cl\/web\/wp-json\/wp\/v2\/posts\/41621","targetHints":{"allow":["GET"]}}],"collection":[{"href":"https:\/\/www.radiopresidenteibanez.cl\/web\/wp-json\/wp\/v2\/posts"}],"about":[{"href":"https:\/\/www.radiopresidenteibanez.cl\/web\/wp-json\/wp\/v2\/types\/post"}],"author":[{"embeddable":true,"href":"https:\/\/www.radiopresidenteibanez.cl\/web\/wp-json\/wp\/v2\/users\/2"}],"replies":[{"embeddable":true,"href":"https:\/\/www.radiopresidenteibanez.cl\/web\/wp-json\/wp\/v2\/comments?post=41621"}],"version-history":[{"count":0,"href":"https:\/\/www.radiopresidenteibanez.cl\/web\/wp-json\/wp\/v2\/posts\/41621\/revisions"}],"wp:featuredmedia":[{"embeddable":true,"href":"https:\/\/www.radiopresidenteibanez.cl\/web\/wp-json\/wp\/v2\/media\/41622"}],"wp:attachment":[{"href":"https:\/\/www.radiopresidenteibanez.cl\/web\/wp-json\/wp\/v2\/media?parent=41621"}],"wp:term":[{"taxonomy":"category","embeddable":true,"href":"https:\/\/www.radiopresidenteibanez.cl\/web\/wp-json\/wp\/v2\/categories?post=41621"},{"taxonomy":"post_tag","embeddable":true,"href":"https:\/\/www.radiopresidenteibanez.cl\/web\/wp-json\/wp\/v2\/tags?post=41621"}],"curies":[{"name":"wp","href":"https:\/\/api.w.org\/{rel}","templated":true}]}}