{"id":41595,"date":"2023-07-27T19:17:00","date_gmt":"2023-07-27T22:17:00","guid":{"rendered":"https:\/\/www.radiopresidenteibanez.cl\/web\/?p=41595"},"modified":"2023-07-27T14:54:33","modified_gmt":"2023-07-27T17:54:33","slug":"colegio-miguel-de-cervantes-junto-a-par-explora-y-departamento-de-historia-de-la-umag-invitan-a-inscribirse-en-primera-jornadas-escolares-de-historia","status":"publish","type":"post","link":"https:\/\/www.radiopresidenteibanez.cl\/web\/colegio-miguel-de-cervantes-junto-a-par-explora-y-departamento-de-historia-de-la-umag-invitan-a-inscribirse-en-primera-jornadas-escolares-de-historia\/","title":{"rendered":"COLEGIO MIGUEL DE CERVANTES JUNTO A PAR EXPLORA Y DEPARTAMENTO DE HISTORIA DE LA UMAG INVITAN A INSCRIBIRSE EN PRIMERA JORNADAS ESCOLARES DE HISTORIA"},"content":{"rendered":"\n<p>Hasta el 31 de agosto, se encuentran abiertas las inscripciones para participar en las \u00abI Jornadas<br>Escolares de Historia Regional: Mateo Martinic Beros\u00bb, organizadas por el Colegio Miguel de<br>Cervantes y apoyadas por el PAR Explora Magallanes junto al Departamento de Historia de la<br>Universidad de Magallanes.<br>La actividad se desarrollar\u00e1 el pr\u00f3ximo 9 de noviembre en las dependencias de la Universidad de<br>Magallanes y est\u00e1 a cargo del profesor de historia del establecimiento educacional Camilo Cabrera<br>Albornoz junto a su equipo de Econom\u00eda y sociedad formado por los estudiantes: Magdalena<br>Navarro, Renato G\u00f3mez, Luna Ar\u00e9valo, Martina Salgado y Astrid M\u00edmica, todos ellos de cuarto<br>medio.<br>Al respecto, el profesor de historia, Camilo Cabrera dijo \u201ces muy importante abrir este espacio<br>para estimular una vinculaci\u00f3n temprana de las comunidades escolares locales con el mundo de<br>las humanidades, historia, patrimonio, arte y cultura. Por esta raz\u00f3n, invito a todos los docentes y<br>estudiantes a que se inscriban, ya que ser\u00e1 una instancia donde podr\u00e1n participar a trav\u00e9s de<br>ponencias de 15 minutos de duraci\u00f3n vinculadas a las \u00e1reas de historia, educaci\u00f3n, arte, relaciones<br>internacionales, as\u00ed como en otras disciplinas de las humanidades y ciencias sociales. Adem\u00e1s,<br>quiero agradecer realizar este trabajo en conjunto con PAR Explora Magallanes y el Departamento<br>de historia de la UMAG\u201d.<br>La Directora de General de PAR Explora Magallanes, Claudia Salinas, coment\u00f3 que \u201cpara nosotros<br>es muy importante y satisfactorio, realizar este trabajo colaborativo junto al departamento de<br>historia de la UMAG y el colegio Miguel de Cervantes, ya que es una instancia que permite<br>promover apoyar y fortalecer el inter\u00e9s por la historia regional, a trav\u00e9s de investigaciones<br>centradas en la regi\u00f3n de Magallanes. Para lo cual, invito a los docentes y alumnos a que se<br>inscriban en esta instancia, la que se realizar\u00e1 el 9 de noviembre\u201d.<br>Las y los interesados deben enviar un resumen de su ponencia en un formato que no debe exceder<br>las 300 palabras.<br>Para inscribirse deben completar el formulario https:\/\/forms.gle\/UXw3WCHYX6ybkQXR8 que se<br>encuentran en la p\u00e1gina web https:\/\/www.colegiomigueldecervantes.cl\/mas2\/jornadas-escolares-<br>de-historia-regionalmateo-martinic-beros\/<br>En caso de tener alguna duda o consulta escribir al mail:<br>jornadasescolares@colegiomigueldecervantes.cl<\/p>\n","protected":false},"excerpt":{"rendered":"<p>Hasta el 31 de agosto, se encuentran abiertas las inscripciones para participar en las \u00abI JornadasEscolares de Historia Regional: Mateo Martinic Beros\u00bb, organizadas por el Colegio Miguel deCervantes y apoyadas&#8230; <a class=\"read-more\" href=\"https:\/\/www.radiopresidenteibanez.cl\/web\/colegio-miguel-de-cervantes-junto-a-par-explora-y-departamento-de-historia-de-la-umag-invitan-a-inscribirse-en-primera-jornadas-escolares-de-historia\/\">Leer m\u00e1s<\/a><\/p>\n","protected":false},"author":2,"featured_media":41596,"comment_status":"closed","ping_status":"closed","sticky":false,"template":"","format":"standard","meta":{"footnotes":""},"categories":[1],"tags":[],"class_list":["post-41595","post","type-post","status-publish","format-standard","has-post-thumbnail","hentry","category-cronica"],"_links":{"self":[{"href":"https:\/\/www.radiopresidenteibanez.cl\/web\/wp-json\/wp\/v2\/posts\/41595","targetHints":{"allow":["GET"]}}],"collection":[{"href":"https:\/\/www.radiopresidenteibanez.cl\/web\/wp-json\/wp\/v2\/posts"}],"about":[{"href":"https:\/\/www.radiopresidenteibanez.cl\/web\/wp-json\/wp\/v2\/types\/post"}],"author":[{"embeddable":true,"href":"https:\/\/www.radiopresidenteibanez.cl\/web\/wp-json\/wp\/v2\/users\/2"}],"replies":[{"embeddable":true,"href":"https:\/\/www.radiopresidenteibanez.cl\/web\/wp-json\/wp\/v2\/comments?post=41595"}],"version-history":[{"count":0,"href":"https:\/\/www.radiopresidenteibanez.cl\/web\/wp-json\/wp\/v2\/posts\/41595\/revisions"}],"wp:featuredmedia":[{"embeddable":true,"href":"https:\/\/www.radiopresidenteibanez.cl\/web\/wp-json\/wp\/v2\/media\/41596"}],"wp:attachment":[{"href":"https:\/\/www.radiopresidenteibanez.cl\/web\/wp-json\/wp\/v2\/media?parent=41595"}],"wp:term":[{"taxonomy":"category","embeddable":true,"href":"https:\/\/www.radiopresidenteibanez.cl\/web\/wp-json\/wp\/v2\/categories?post=41595"},{"taxonomy":"post_tag","embeddable":true,"href":"https:\/\/www.radiopresidenteibanez.cl\/web\/wp-json\/wp\/v2\/tags?post=41595"}],"curies":[{"name":"wp","href":"https:\/\/api.w.org\/{rel}","templated":true}]}}