{"id":41583,"date":"2023-07-27T15:07:00","date_gmt":"2023-07-27T18:07:00","guid":{"rendered":"https:\/\/www.radiopresidenteibanez.cl\/web\/?p=41583"},"modified":"2023-07-27T09:00:10","modified_gmt":"2023-07-27T12:00:10","slug":"sindicato-de-trabajadores-de-enap-magallanes-planteo-deficiencias-de-la-empresa-a-delegado-presidencial-en-busca-de-mejorar-condiciones-de-seguridad-laboral","status":"publish","type":"post","link":"https:\/\/www.radiopresidenteibanez.cl\/web\/sindicato-de-trabajadores-de-enap-magallanes-planteo-deficiencias-de-la-empresa-a-delegado-presidencial-en-busca-de-mejorar-condiciones-de-seguridad-laboral\/","title":{"rendered":"SINDICATO DE TRABAJADORES DE ENAP MAGALLANES PLANTEO DEFICIENCIAS DE LA EMPRESA A DELEGADO PRESIDENCIAL EN BUSCA DE MEJORAR CONDICIONES DE SEGURIDAD LABORAL"},"content":{"rendered":"\n<p>En dependencias de la ex Casa de los Intendentes, se llev\u00f3 a cabo la visita protocolar entre el Sindicato de Trabajadores de Enap Magallanes y el Delegado Presidencial Jos\u00e9 Ruiz Pivcevic, all\u00ed, los gremialistas Graciela V\u00e1squez, Sergio \u00c1guila y Pedro Hern\u00e1ndez, entregaron su saludo y dieron a conocer sus objetivos para los pr\u00f3ximos dos a\u00f1os de gesti\u00f3n en representaci\u00f3n de los trabajadores de la empresa. Entre los temas planteados el gremio habl\u00f3 sobre la preocupaci\u00f3n que existen en materia de seguridad laboral, las jubilaciones, negocios en materia de Hidr\u00f3geno Verde la posibilidad de que el delegado sirva de nexo con el Presidente de la Rep\u00fablica para concretar una reuni\u00f3n.<\/p>\n\n\n\n<p><strong>Seguridad Laboral<\/strong><\/p>\n\n\n\n<p>\u201c<em>Ten\u00edamos una reuni\u00f3n pendiente con el Delegado Presidencial, el objetivo era poder darnos a conocer como nuevo sindicato, pero adem\u00e1s plantearle las preocupaciones que giran en torno a las y los trabajadores de la empresa. Uno de los temas que le planteamos es la falta de dotaci\u00f3n para una operaci\u00f3n segura, donde vemos que la empresa lamentablemente (con una visi\u00f3n centralista), no va a escatimar en esfuerzos y recursos para la filial de Magallanes, y a nuestro juicio coloca en riesgo la integridad de las y los trabajadores en sus distintas faenas<\/em>\u201d, explic\u00f3 la presidenta del gremio Graciela V\u00e1squez, quien espera adem\u00e1s poder concretar en el corto plazo y bajo esta l\u00ednea, una reuni\u00f3n con el Ministro de Hacienda.<\/p>\n\n\n\n<p><strong>Jubilaciones en la Empresa Nacional del Petr\u00f3leo en Magallanes<\/strong><\/p>\n\n\n\n<p>Otro de los puntos abordados es el de los jubilados, Sergio \u00c1guila tesorero del gremio, plante\u00f3 al delegado presidencial su preocupaci\u00f3n en torno a como la empresa estatal a lo largo de los a\u00f1os no ha ido recuperando los cupos disponibles de los trabajadores jubilados y esto sumado a la perdida de ese conocimiento y experiencia volvi\u00e9ndonos vulnerables para enfrentar operaciones cr\u00edticas\u201d. Dijo \u00c1guila.<\/p>\n\n\n\n<p><strong>Hidr\u00f3geno Verde<\/strong><\/p>\n\n\n\n<p>En materia de proyectos de desarrollo e innovaci\u00f3n y proyecciones a futuro de la empresa enmarcado en la agenda de Hidr\u00f3geno Verde, Pedro Hern\u00e1ndez Director gremial, manifest\u00f3 al Delegado Presidencial su preocupaci\u00f3n en la forma de c\u00f3mo la empresa ha estado realizando las negociaciones, y que a su juicio, no se est\u00e1 incluyendo una parte importante que son los trabajadores, \u201c<em>Sentimos que los trabajadores, no estamos siendo considerados a trav\u00e9s de este sindicato, espec\u00edficamente en las decisiones estrat\u00e9gicas que est\u00e1 tomando la empresa, considerando que este jueves, se firma un convenio y reci\u00e9n nos enteramos hace un par de horas atr\u00e1s\u201d<\/em>, manifest\u00f3 preocupado. &nbsp;&nbsp;<\/p>\n\n\n\n<p>&nbsp;<strong>Reuni\u00f3n con el Presidente de la Rep\u00fablica Gabriel Boric<\/strong><\/p>\n\n\n\n<p>Casi al finalizar la reuni\u00f3n, los gremialistas solicitaron al delegado poder ser puente de conexi\u00f3n con el Presidente de la Rep\u00fablica Gabriel Boric, con la finalidad de poder plantearle estos y otros temas m\u00e1s al mandatario que son de relevancia para la empresa, sus trabajadores y para la regi\u00f3n.<\/p>\n\n\n\n<p>Tras lo anterior la m\u00e1xima autoridad regional, recibi\u00f3 positivamente los temas planteados por la directiva sindical, y se comprometi\u00f3 para el corto y mediano plazo, trabajar mancomunadamente en cada uno de los planteamientos. Para ello, precis\u00f3 que solicitar\u00e1 reuniones con la gerencia local, y ver como se pueden ir solucionando las inquietudes de los trabajadores.<\/p>\n","protected":false},"excerpt":{"rendered":"<p>En dependencias de la ex Casa de los Intendentes, se llev\u00f3 a cabo la visita protocolar entre el Sindicato de Trabajadores de Enap Magallanes y el Delegado Presidencial Jos\u00e9 Ruiz&#8230; <a class=\"read-more\" href=\"https:\/\/www.radiopresidenteibanez.cl\/web\/sindicato-de-trabajadores-de-enap-magallanes-planteo-deficiencias-de-la-empresa-a-delegado-presidencial-en-busca-de-mejorar-condiciones-de-seguridad-laboral\/\">Leer m\u00e1s<\/a><\/p>\n","protected":false},"author":2,"featured_media":41584,"comment_status":"closed","ping_status":"closed","sticky":false,"template":"","format":"standard","meta":{"footnotes":""},"categories":[1],"tags":[],"class_list":["post-41583","post","type-post","status-publish","format-standard","has-post-thumbnail","hentry","category-cronica"],"_links":{"self":[{"href":"https:\/\/www.radiopresidenteibanez.cl\/web\/wp-json\/wp\/v2\/posts\/41583","targetHints":{"allow":["GET"]}}],"collection":[{"href":"https:\/\/www.radiopresidenteibanez.cl\/web\/wp-json\/wp\/v2\/posts"}],"about":[{"href":"https:\/\/www.radiopresidenteibanez.cl\/web\/wp-json\/wp\/v2\/types\/post"}],"author":[{"embeddable":true,"href":"https:\/\/www.radiopresidenteibanez.cl\/web\/wp-json\/wp\/v2\/users\/2"}],"replies":[{"embeddable":true,"href":"https:\/\/www.radiopresidenteibanez.cl\/web\/wp-json\/wp\/v2\/comments?post=41583"}],"version-history":[{"count":0,"href":"https:\/\/www.radiopresidenteibanez.cl\/web\/wp-json\/wp\/v2\/posts\/41583\/revisions"}],"wp:featuredmedia":[{"embeddable":true,"href":"https:\/\/www.radiopresidenteibanez.cl\/web\/wp-json\/wp\/v2\/media\/41584"}],"wp:attachment":[{"href":"https:\/\/www.radiopresidenteibanez.cl\/web\/wp-json\/wp\/v2\/media?parent=41583"}],"wp:term":[{"taxonomy":"category","embeddable":true,"href":"https:\/\/www.radiopresidenteibanez.cl\/web\/wp-json\/wp\/v2\/categories?post=41583"},{"taxonomy":"post_tag","embeddable":true,"href":"https:\/\/www.radiopresidenteibanez.cl\/web\/wp-json\/wp\/v2\/tags?post=41583"}],"curies":[{"name":"wp","href":"https:\/\/api.w.org\/{rel}","templated":true}]}}