{"id":41566,"date":"2023-07-27T10:06:00","date_gmt":"2023-07-27T13:06:00","guid":{"rendered":"https:\/\/www.radiopresidenteibanez.cl\/web\/?p=41566"},"modified":"2023-07-27T08:29:21","modified_gmt":"2023-07-27T11:29:21","slug":"dejaste-la-batalla-cotidiana-de-un-soplo-entregaste-tu-cuerpo-a-todo-chile-no-hay-canto-que-devuelva-tu-respiro-canta-cristina-gonzalez","status":"publish","type":"post","link":"https:\/\/www.radiopresidenteibanez.cl\/web\/dejaste-la-batalla-cotidiana-de-un-soplo-entregaste-tu-cuerpo-a-todo-chile-no-hay-canto-que-devuelva-tu-respiro-canta-cristina-gonzalez\/","title":{"rendered":"\u00ab..Dejaste la batalla cotidiana de un soplo entregaste tu cuerpo a todo chile no hay canto que devuelva tu respiro ..\u00bb canta Cristina Gonzalez"},"content":{"rendered":"\n<p>Hace algunos d\u00edas y despu\u00e9s de mucho tiempo se realiz\u00f3 una marcha reivindicativa con planteamientos claros y concretos en orden y disciplina clasista, como corresponde y debe ser para evitar infiltrados que desnaturalizan la actividad. Saludar al Movimiento NO + AFP que concita el inter\u00e9s de trabajadores y dirigentes activos y pasivos, militantes de distintas organizaciones sindicales p\u00fablicas y privadas.<br>La pregunta que sigue sin respuesta es \u00bfqu\u00e9 pasa con estos mismos participantes respecto del rol de sus organizaciones de base?. No demandamos respuesta de las grandes organizaciones, como el magisterio que el dia de ayer llev\u00f3 adelante un paro nacional de actividades. Tampoco de los trabajadores de la salud y los p\u00fablicos en general, que paralizan efectivamente aunque no siempre obtienen los resultados esperados .<br>Hablo de esa gran cantidad de organizaciones de trabajadores del sector privado que parecemos congelados, sin opinar ni accionar en ninguno de los planos salvo algunas cuestiones simb\u00f3licas que ni siquiera tienen la adhesi\u00f3n que se merecen.<br>\u00bfCuando construiremos una plataforma base que pueda remecer a los trabajadores y poner fin a tanto ostracismo. Millones de trabajadores sin organizaci\u00f3n ni derechos b\u00e1sicos. La llamada inteligencia artificial comienza a dar cuenta de sus primeros efectos, lo que provoca la disminuci\u00f3n de puestos de trabajo en las grandes empresas. M\u00e1s del 90 % de las empresas en Chile son micro y peque\u00f1as, ocupan menos de 50 trabajadores y en muchas de ellas no hay siquiera posibilidad de construir organizaci\u00f3n y menos negociar colectivamente, tanto por el temor de la fuerza de trabajo, as\u00ed como las limitaciones legales.<\/p>\n\n\n\n<p>2.- Debemos comenzar a levantar algunas propuestas.. Aqu\u00ed van 2 surgidas desde nuestros encuentros con dirigentes y trabajadores en Santiago y regiones.<br>Creemos v\u00e1lido y urgente se analice la posibilidad de demandar modificaciones a los art\u00edculos respectivos del c\u00f3digo del trabajo en cuanto a que para constituir sindicatos, al menos en las micro y peque\u00f1as empresas (art\u00edculo 227)el n\u00famero de trabajadores sea de 5 en cada empresa. Asimismo en la norma legal respectiva y que dice relaci\u00f3n con la cantidad de trabajadores afiliados a un sindicato de interempresas que pueden elegir delegados (art\u00edculo 229), el n\u00famero tambi\u00e9n deber\u00eda ser de 5 trabajadores.<\/p>\n","protected":false},"excerpt":{"rendered":"<p>Hace algunos d\u00edas y despu\u00e9s de mucho tiempo se realiz\u00f3 una marcha reivindicativa con planteamientos claros y concretos en orden y disciplina clasista, como corresponde y debe ser para evitar&#8230; <a class=\"read-more\" href=\"https:\/\/www.radiopresidenteibanez.cl\/web\/dejaste-la-batalla-cotidiana-de-un-soplo-entregaste-tu-cuerpo-a-todo-chile-no-hay-canto-que-devuelva-tu-respiro-canta-cristina-gonzalez\/\">Leer m\u00e1s<\/a><\/p>\n","protected":false},"author":2,"featured_media":41567,"comment_status":"closed","ping_status":"closed","sticky":false,"template":"","format":"standard","meta":{"footnotes":""},"categories":[1],"tags":[],"class_list":["post-41566","post","type-post","status-publish","format-standard","has-post-thumbnail","hentry","category-cronica"],"_links":{"self":[{"href":"https:\/\/www.radiopresidenteibanez.cl\/web\/wp-json\/wp\/v2\/posts\/41566","targetHints":{"allow":["GET"]}}],"collection":[{"href":"https:\/\/www.radiopresidenteibanez.cl\/web\/wp-json\/wp\/v2\/posts"}],"about":[{"href":"https:\/\/www.radiopresidenteibanez.cl\/web\/wp-json\/wp\/v2\/types\/post"}],"author":[{"embeddable":true,"href":"https:\/\/www.radiopresidenteibanez.cl\/web\/wp-json\/wp\/v2\/users\/2"}],"replies":[{"embeddable":true,"href":"https:\/\/www.radiopresidenteibanez.cl\/web\/wp-json\/wp\/v2\/comments?post=41566"}],"version-history":[{"count":0,"href":"https:\/\/www.radiopresidenteibanez.cl\/web\/wp-json\/wp\/v2\/posts\/41566\/revisions"}],"wp:featuredmedia":[{"embeddable":true,"href":"https:\/\/www.radiopresidenteibanez.cl\/web\/wp-json\/wp\/v2\/media\/41567"}],"wp:attachment":[{"href":"https:\/\/www.radiopresidenteibanez.cl\/web\/wp-json\/wp\/v2\/media?parent=41566"}],"wp:term":[{"taxonomy":"category","embeddable":true,"href":"https:\/\/www.radiopresidenteibanez.cl\/web\/wp-json\/wp\/v2\/categories?post=41566"},{"taxonomy":"post_tag","embeddable":true,"href":"https:\/\/www.radiopresidenteibanez.cl\/web\/wp-json\/wp\/v2\/tags?post=41566"}],"curies":[{"name":"wp","href":"https:\/\/api.w.org\/{rel}","templated":true}]}}