{"id":41560,"date":"2023-07-27T08:20:16","date_gmt":"2023-07-27T11:20:16","guid":{"rendered":"https:\/\/www.radiopresidenteibanez.cl\/web\/?p=41560"},"modified":"2023-07-27T08:20:24","modified_gmt":"2023-07-27T11:20:24","slug":"ferry-pathagon-de-tabsa-se-suma-a-jornadas-por-la-rehabilitacion","status":"publish","type":"post","link":"https:\/\/www.radiopresidenteibanez.cl\/web\/ferry-pathagon-de-tabsa-se-suma-a-jornadas-por-la-rehabilitacion\/","title":{"rendered":"FERRY PATHAGON DE TABSA SE SUMA A JORNADAS POR LA REHABILITACION"},"content":{"rendered":"\n<p>Con la instalaci\u00f3n de una bandera en el asta principal y alcanc\u00edas a bordo, el ferry Pathagon de TABSA, que conecta Punta Arenas con Porvenir, se uni\u00f3 a la XXXVI Jornadas por la Rehabilitaci\u00f3n en Magallanes tras una breve ceremonia que se realiz\u00f3 hoy en la embarcaci\u00f3n.<\/p>\n\n\n\n<p>La iniciativa fue del Coordinador Jornadas en Porvenir, Gustavo Bringas, quien dijo que se trata de \u201cun acto simb\u00f3lico que trata de juntar a las provincias de Magallanes con la provincia de Tierra del Fuego y gracias a la buena voluntad de la empresa TABSA, nos permite hoy d\u00eda izar, y tenerla como emblema durante las Jornadas, la bandera solidaria hasta el 3 o 4 de noviembre y de esa manera todas las personas que viajen en la barcaza se acuerden que necesitamos apoyar los Centros de Rehabilitaci\u00f3n de la zona.\u201d<\/p>\n\n\n\n<p>En tanto, Norma Jim\u00e9nez, Presidenta del Club de Leones Cruz del Sur Punta Arenas, dijo que esta es \u201cuna demostraci\u00f3n m\u00e1s del compromiso de TABSA con las Jornadas.\u201d<\/p>\n\n\n\n<p>Sebasti\u00e1n Timis, Jefe de Operaciones \u2013 Comercial de la empresa indic\u00f3 que \u201cesperamos a trav\u00e9s de esta iniciativa ser un aporte para que se recaude todo lo necesario para todas las personas que lo necesitan y, al mismo tiempo, esperamos continuar con esta colaboraci\u00f3n en los pr\u00f3ximos a\u00f1os para que las Jornadas por la Rehabilitaci\u00f3n contin\u00faen en lo m\u00e1s alto de la regi\u00f3n, tal y como ocurrir\u00e1 en estos meses a trav\u00e9s de su bandera que flamear\u00e1 por el estrecho de Magallanes a bordo de nuestro ferry Pathagon que conecta a la ciudad Porvenir con el continente.\u201d<\/p>\n","protected":false},"excerpt":{"rendered":"<p>Con la instalaci\u00f3n de una bandera en el asta principal y alcanc\u00edas a bordo, el ferry Pathagon de TABSA, que conecta Punta Arenas con Porvenir, se uni\u00f3 a la XXXVI&#8230; <a class=\"read-more\" href=\"https:\/\/www.radiopresidenteibanez.cl\/web\/ferry-pathagon-de-tabsa-se-suma-a-jornadas-por-la-rehabilitacion\/\">Leer m\u00e1s<\/a><\/p>\n","protected":false},"author":2,"featured_media":41561,"comment_status":"closed","ping_status":"closed","sticky":false,"template":"","format":"standard","meta":{"footnotes":""},"categories":[1],"tags":[],"class_list":["post-41560","post","type-post","status-publish","format-standard","has-post-thumbnail","hentry","category-cronica"],"_links":{"self":[{"href":"https:\/\/www.radiopresidenteibanez.cl\/web\/wp-json\/wp\/v2\/posts\/41560","targetHints":{"allow":["GET"]}}],"collection":[{"href":"https:\/\/www.radiopresidenteibanez.cl\/web\/wp-json\/wp\/v2\/posts"}],"about":[{"href":"https:\/\/www.radiopresidenteibanez.cl\/web\/wp-json\/wp\/v2\/types\/post"}],"author":[{"embeddable":true,"href":"https:\/\/www.radiopresidenteibanez.cl\/web\/wp-json\/wp\/v2\/users\/2"}],"replies":[{"embeddable":true,"href":"https:\/\/www.radiopresidenteibanez.cl\/web\/wp-json\/wp\/v2\/comments?post=41560"}],"version-history":[{"count":0,"href":"https:\/\/www.radiopresidenteibanez.cl\/web\/wp-json\/wp\/v2\/posts\/41560\/revisions"}],"wp:featuredmedia":[{"embeddable":true,"href":"https:\/\/www.radiopresidenteibanez.cl\/web\/wp-json\/wp\/v2\/media\/41561"}],"wp:attachment":[{"href":"https:\/\/www.radiopresidenteibanez.cl\/web\/wp-json\/wp\/v2\/media?parent=41560"}],"wp:term":[{"taxonomy":"category","embeddable":true,"href":"https:\/\/www.radiopresidenteibanez.cl\/web\/wp-json\/wp\/v2\/categories?post=41560"},{"taxonomy":"post_tag","embeddable":true,"href":"https:\/\/www.radiopresidenteibanez.cl\/web\/wp-json\/wp\/v2\/tags?post=41560"}],"curies":[{"name":"wp","href":"https:\/\/api.w.org\/{rel}","templated":true}]}}