{"id":4155,"date":"2019-05-13T16:01:27","date_gmt":"2019-05-13T16:01:27","guid":{"rendered":"http:\/\/www.radiopresidenteibanez.cl\/web\/?p=4155"},"modified":"2019-05-13T16:04:11","modified_gmt":"2019-05-13T16:04:11","slug":"parte-1-quien-deberia-ser-el-proximo-gobernador","status":"publish","type":"post","link":"https:\/\/www.radiopresidenteibanez.cl\/web\/parte-1-quien-deberia-ser-el-proximo-gobernador\/","title":{"rendered":"PARTE 1: \u00bfQUI\u00c9N DEBER\u00cdA SER EL PR\u00d3XIMO GOBERNADOR?"},"content":{"rendered":"\n<p>Comienza las diferentes candidaturas a puestos de elecci\u00f3n popular, entre ellos el anhelado cargo de Gobernador que desde ahora ser\u00e1 elegido por la comunidad, a lo anterior varios comienzan su carrera eleccionaria, entre ellos y ya el mismo ratificando su candidatura como Gobernador, es Manuel Jos\u00e9 Correa, economista, a \u00e9l tambi\u00e9n se suman, los nombres de posibles candidatos del ex intendentes Jorge Flies, Christian Matheson y el actual alcalde de Puerto Natales, Fernando Paredes.<\/p>\n\n\n<p>[poll id=\u00bb7&#8243;]<\/p>\n\n\n\n<figure class=\"wp-block-image\"><img loading=\"lazy\" decoding=\"async\" width=\"1024\" height=\"576\" src=\"https:\/\/www.radiopresidenteibanez.cl\/web\/wp-content\/uploads\/2019\/05\/Marielle-Price-1-1024x576.png\" alt=\"\" class=\"wp-image-4156\" srcset=\"https:\/\/www.radiopresidenteibanez.cl\/web\/wp-content\/uploads\/2019\/05\/Marielle-Price-1-1024x576.png 1024w, https:\/\/www.radiopresidenteibanez.cl\/web\/wp-content\/uploads\/2019\/05\/Marielle-Price-1-300x169.png 300w, https:\/\/www.radiopresidenteibanez.cl\/web\/wp-content\/uploads\/2019\/05\/Marielle-Price-1-768x432.png 768w, https:\/\/www.radiopresidenteibanez.cl\/web\/wp-content\/uploads\/2019\/05\/Marielle-Price-1.png 1920w\" sizes=\"auto, (max-width: 1024px) 100vw, 1024px\" \/><\/figure>\n","protected":false},"excerpt":{"rendered":"<p>Comienza las diferentes candidaturas a puestos de elecci\u00f3n popular, entre ellos el anhelado cargo de Gobernador que desde ahora ser\u00e1 elegido por la comunidad, a lo anterior varios comienzan su&#8230; <a class=\"read-more\" href=\"https:\/\/www.radiopresidenteibanez.cl\/web\/parte-1-quien-deberia-ser-el-proximo-gobernador\/\">Leer m\u00e1s<\/a><\/p>\n","protected":false},"author":2,"featured_media":4156,"comment_status":"closed","ping_status":"closed","sticky":false,"template":"","format":"standard","meta":{"footnotes":""},"categories":[5],"tags":[],"class_list":["post-4155","post","type-post","status-publish","format-standard","has-post-thumbnail","hentry","category-politica"],"_links":{"self":[{"href":"https:\/\/www.radiopresidenteibanez.cl\/web\/wp-json\/wp\/v2\/posts\/4155","targetHints":{"allow":["GET"]}}],"collection":[{"href":"https:\/\/www.radiopresidenteibanez.cl\/web\/wp-json\/wp\/v2\/posts"}],"about":[{"href":"https:\/\/www.radiopresidenteibanez.cl\/web\/wp-json\/wp\/v2\/types\/post"}],"author":[{"embeddable":true,"href":"https:\/\/www.radiopresidenteibanez.cl\/web\/wp-json\/wp\/v2\/users\/2"}],"replies":[{"embeddable":true,"href":"https:\/\/www.radiopresidenteibanez.cl\/web\/wp-json\/wp\/v2\/comments?post=4155"}],"version-history":[{"count":0,"href":"https:\/\/www.radiopresidenteibanez.cl\/web\/wp-json\/wp\/v2\/posts\/4155\/revisions"}],"wp:featuredmedia":[{"embeddable":true,"href":"https:\/\/www.radiopresidenteibanez.cl\/web\/wp-json\/wp\/v2\/media\/4156"}],"wp:attachment":[{"href":"https:\/\/www.radiopresidenteibanez.cl\/web\/wp-json\/wp\/v2\/media?parent=4155"}],"wp:term":[{"taxonomy":"category","embeddable":true,"href":"https:\/\/www.radiopresidenteibanez.cl\/web\/wp-json\/wp\/v2\/categories?post=4155"},{"taxonomy":"post_tag","embeddable":true,"href":"https:\/\/www.radiopresidenteibanez.cl\/web\/wp-json\/wp\/v2\/tags?post=4155"}],"curies":[{"name":"wp","href":"https:\/\/api.w.org\/{rel}","templated":true}]}}