{"id":4153,"date":"2019-05-13T13:39:17","date_gmt":"2019-05-13T13:39:17","guid":{"rendered":"http:\/\/www.radiopresidenteibanez.cl\/web\/?p=4153"},"modified":"2019-05-13T13:40:00","modified_gmt":"2019-05-13T13:40:00","slug":"acusan-que-directivos-de-la-empresa-areas-verdes-impidieron-que-fiscalizadores-de-la-inspeccion-del-trabajo-verifique-irregularidades-por-reemplazos-ilegales","status":"publish","type":"post","link":"https:\/\/www.radiopresidenteibanez.cl\/web\/acusan-que-directivos-de-la-empresa-areas-verdes-impidieron-que-fiscalizadores-de-la-inspeccion-del-trabajo-verifique-irregularidades-por-reemplazos-ilegales\/","title":{"rendered":"ACUSAN QUE DIRECTIVOS DE LA EMPRESA \u00c1REAS VERDES IMPIDIERON QUE FISCALIZADORES DE LA INSPECCI\u00d3N DEL TRABAJO VERIFIQUE IRREGULARIDADES POR REEMPLAZOS ILEGALES"},"content":{"rendered":"\n<p>En horas de esta ma\u00f1ana, hasta las dependencias de \u00c1reas Verdes ubicadas en Ignacio Carrera Pinto con Augusto Lutz, llegaron fiscalizadores de la Inspecci\u00f3n del Trabajo para verificar la situaci\u00f3n de reemplazos ilegales de trabajadores en huelga legal, en la oportunidad los trabajadores denunciaron que directivos de la empresa no dejo ingresar a los funcionarios de la inspecci\u00f3n por lo que debi\u00f3 concurrir personal de Carabineros al lugar.<\/p>\n\n\n\n<p>En la oportunidad, el presidente del Sindicato de\nTrabajadores de \u00c1reas Verdes, Eric Inalaf, coment\u00f3 que \u201cyo e incluso la\ncomunidad considera que la demanda es justa, no es descabellado lo que solicitamos,\nlamentablemente hemos tenido negatividad, pero sabemos que hay c\u00f3mplices de esto\nen la municipalidad, por eso esta semana vamos a oficializar a contralor\u00eda por abandono\nde deberes\u201d.<\/p>\n\n\n\n<p>Cabe recordar que la empresa \u00c1reas Verdes, mantiene varios\ncontratos de limpieza en la ciudad, pero por ley no debe traspasar labores ni\ntrabajadores de un contrato a otro, lo cual es denunciado por los trabajadores\nque mantienen la huelga legal, lo anterior debido a que existen colaboradores\nque est\u00e1n realizando otras labores con jornadas extensas, incluso trabajando en\nhorarios de madrugada.<\/p>\n\n\n\n<p>Lo anterior fue mencionado por Inalaf \u201chemos visto trabajadores de otros contratos trabajando a las 01:00 de la ma\u00f1ana en el centro, camiones llegando a las oficinas a las 5 de la ma\u00f1ana, es por eso que daremos a conocer esta situaci\u00f3n a la Inspecci\u00f3n del Trabajo\u201d.<\/p>\n\n\n\n<figure class=\"wp-block-image\"><img loading=\"lazy\" decoding=\"async\" width=\"1024\" height=\"768\" src=\"http:\/\/www.radiopresidenteibanez.cl\/web\/wp-content\/uploads\/2019\/05\/FB_IMG_1557416323954-1024x768.jpg\" alt=\"\" class=\"wp-image-4073\" srcset=\"https:\/\/www.radiopresidenteibanez.cl\/web\/wp-content\/uploads\/2019\/05\/FB_IMG_1557416323954-1024x768.jpg 1024w, https:\/\/www.radiopresidenteibanez.cl\/web\/wp-content\/uploads\/2019\/05\/FB_IMG_1557416323954-300x225.jpg 300w, https:\/\/www.radiopresidenteibanez.cl\/web\/wp-content\/uploads\/2019\/05\/FB_IMG_1557416323954-768x576.jpg 768w, https:\/\/www.radiopresidenteibanez.cl\/web\/wp-content\/uploads\/2019\/05\/FB_IMG_1557416323954.jpg 1280w\" sizes=\"auto, (max-width: 1024px) 100vw, 1024px\" \/><figcaption>Imagen de archivo<\/figcaption><\/figure>\n","protected":false},"excerpt":{"rendered":"<p>En horas de esta ma\u00f1ana, hasta las dependencias de \u00c1reas Verdes ubicadas en Ignacio Carrera Pinto con Augusto Lutz, llegaron fiscalizadores de la Inspecci\u00f3n del Trabajo para verificar la situaci\u00f3n&#8230; <a class=\"read-more\" href=\"https:\/\/www.radiopresidenteibanez.cl\/web\/acusan-que-directivos-de-la-empresa-areas-verdes-impidieron-que-fiscalizadores-de-la-inspeccion-del-trabajo-verifique-irregularidades-por-reemplazos-ilegales\/\">Leer m\u00e1s<\/a><\/p>\n","protected":false},"author":2,"featured_media":4073,"comment_status":"closed","ping_status":"closed","sticky":false,"template":"","format":"standard","meta":{"footnotes":""},"categories":[1],"tags":[],"class_list":["post-4153","post","type-post","status-publish","format-standard","has-post-thumbnail","hentry","category-cronica"],"_links":{"self":[{"href":"https:\/\/www.radiopresidenteibanez.cl\/web\/wp-json\/wp\/v2\/posts\/4153","targetHints":{"allow":["GET"]}}],"collection":[{"href":"https:\/\/www.radiopresidenteibanez.cl\/web\/wp-json\/wp\/v2\/posts"}],"about":[{"href":"https:\/\/www.radiopresidenteibanez.cl\/web\/wp-json\/wp\/v2\/types\/post"}],"author":[{"embeddable":true,"href":"https:\/\/www.radiopresidenteibanez.cl\/web\/wp-json\/wp\/v2\/users\/2"}],"replies":[{"embeddable":true,"href":"https:\/\/www.radiopresidenteibanez.cl\/web\/wp-json\/wp\/v2\/comments?post=4153"}],"version-history":[{"count":0,"href":"https:\/\/www.radiopresidenteibanez.cl\/web\/wp-json\/wp\/v2\/posts\/4153\/revisions"}],"wp:featuredmedia":[{"embeddable":true,"href":"https:\/\/www.radiopresidenteibanez.cl\/web\/wp-json\/wp\/v2\/media\/4073"}],"wp:attachment":[{"href":"https:\/\/www.radiopresidenteibanez.cl\/web\/wp-json\/wp\/v2\/media?parent=4153"}],"wp:term":[{"taxonomy":"category","embeddable":true,"href":"https:\/\/www.radiopresidenteibanez.cl\/web\/wp-json\/wp\/v2\/categories?post=4153"},{"taxonomy":"post_tag","embeddable":true,"href":"https:\/\/www.radiopresidenteibanez.cl\/web\/wp-json\/wp\/v2\/tags?post=4153"}],"curies":[{"name":"wp","href":"https:\/\/api.w.org\/{rel}","templated":true}]}}