{"id":4151,"date":"2019-05-13T13:14:59","date_gmt":"2019-05-13T13:14:59","guid":{"rendered":"http:\/\/www.radiopresidenteibanez.cl\/web\/?p=4151"},"modified":"2019-05-13T13:15:43","modified_gmt":"2019-05-13T13:15:43","slug":"una-madre-no-se-cansa-de-esperar-por-ernesto-sepulveda","status":"publish","type":"post","link":"https:\/\/www.radiopresidenteibanez.cl\/web\/una-madre-no-se-cansa-de-esperar-por-ernesto-sepulveda\/","title":{"rendered":"UNA MADRE NO SE CANSA DE ESPERAR, POR ERNESTO SEPULVEDA"},"content":{"rendered":"\n<p>Si hay una persona que es importante es nuestras vidas, esa es nuestra madre. Aquella que supo siempre ense\u00f1ar una reglas muy claras acerca de lo que estaba bien, y de lo que estaba mal.&nbsp;<\/p>\n\n\n\n<p>Combinando el rigor y la exigencia, con el cari\u00f1o desbordante que s\u00f3lo una madre puede brindar.<\/p>\n\n\n\n<p>En mi caso, y el de mis tres hermanas, tuvimos a Berta, nuestra mam\u00e1. Ella era una mujer que migr\u00f3 del campo a la ciudad, junto a mi padre.&nbsp;<\/p>\n\n\n\n<p>Una mujer del siglo XX. Con una vitalidad, un empuje, y una visi\u00f3n, que ya se la envidiar\u00eda cualquier milenial.&nbsp;<\/p>\n\n\n\n<p>Tuvo una noci\u00f3n tan clara de la importancia que tendr\u00eda la educaci\u00f3n, que junto a mi padre hicieron esfuerzos tit\u00e1nicos para darnos a sus hijas e hijo, la mejor ense\u00f1anza que estaba disponible por aquellos a\u00f1os en mi ciudad natal, Quillota.&nbsp;<\/p>\n\n\n\n<p>Mi madre, que por un disgusto infantil, de peque\u00f1a abandon\u00f3 la ense\u00f1anza primaria, consentida por un padre que no le negaba nada. De mayor, tuvo tan claro que la educaci\u00f3n era fundamental, que se priv\u00f3 con mi padre, de bienes y comodidades, para pagarnos una educaci\u00f3n particular.<\/p>\n\n\n\n<p>Ella misma, la \u201cBertita\u201d, que as\u00ed la llamaban todas sus conocidos, termin\u00f3 de adulta, su educaci\u00f3n b\u00e1sica, y la educaci\u00f3n secundaria, en estudios vespertinos. Iba a clases de Lunes a viernes, de 20,00 a 22,00 horas, despu\u00e9s de salir de su trabajo. Incluso el a\u00f1o 1982 rindi\u00f3 la prueba de aptitud acad\u00e9mica (PAA). Se licenci\u00f3 de cuarto medio y rindi\u00f3 la PAA, un a\u00f1o antes que yo. Varios de mis profesores en el Instituto Rafael Arizt\u00eda, le hac\u00edan clases en el vespertino, lo que me llenaba de orgullo.<\/p>\n\n\n\n<p>Mi madre, tom\u00f3 cuanto curso hab\u00eda disponible para trabajadores por esos tiempos, de corte y confecci\u00f3n, de dactilograf\u00eda. A\u00f1os m\u00e1s tarde tom\u00f3 clases de conducci\u00f3n, se compr\u00f3 un lindo auto el cual condujo por a\u00f1os. Tom\u00f3 clases de computaci\u00f3n, y estaba al tanto de todo lo que ocurr\u00eda tanto en Quillota, donde residi\u00f3 siempre, como a nivel central.<\/p>\n\n\n\n<p>Nuestra madre nos inculc\u00f3, que nada es imposible, que todo se consigue con esfuerzo y tes\u00f3n. Ella nos ense\u00f1\u00f3 a hablar claro, a decir las cosas por su nombre, y a dar siempre la cara. Nos ense\u00f1\u00f3 a ser solidario, a velar por los mas necesitados, a ser humildes.<\/p>\n\n\n\n<p>Pero el tesoro mas grande que nos entreg\u00f3, fue el don de la fe, desde peque\u00f1os nos ense\u00f1\u00f3 a amar a Dios, y nos introdujo en la formaci\u00f3n cristiana de la Iglesia Cat\u00f3lica. Tambi\u00e9n ella fue premiada en vida, por esto. Una de mis hermanas viste el h\u00e1bito de las Hermanas Carmelitas descalzas. Lo cual, fue una de sus mayores alegr\u00edas. Aunque siempre dijo que su mayor alegr\u00eda, era verme a mi con sotana.<\/p>\n\n\n\n<p>S\u00ed, yo tambi\u00e9n me re\u00eda harto cuando dec\u00eda eso, porque ten\u00eda muy claro que los curas no pod\u00edan, o mas bien, no deb\u00edan tener mujeres. Y no estaba preparado para eso.<\/p>\n\n\n\n<p>Fui como muchos de ustedes amigos y amigas, muy regal\u00f3n de mi mam\u00e1, muy mucho regal\u00f3n. Siempre ella bromeaba conmigo, me dec\u00eda que cuando fuera grande me iba a ir lejos y ya no nos ver\u00edamos siempre. Me lo recordaba, cada vez que en la iglesia se cantaba una canci\u00f3n, cuyo nombre titula esta columna. \u201cUna madre no se casa de esperar\u201d.<\/p>\n\n\n\n<p>Pese a mis juramentos infantiles, de que nunca me separar\u00eda de ella. En la vida adulta efectivamente migr\u00e9 desde mi ciudad natal, y finalmente vine a asentarme nada menos que en Punta Arenas. Cuanta raz\u00f3n ten\u00eda esa santa mujer, mi viejita querida, hasta su partida, nos vimos muy poco, practicamente en los puros veranos.<\/p>\n\n\n\n<p>Eso es lo que vuelve, mas emotivo para m\u00ed, recordarla, una mujer extraordinaria, que nos ense\u00f1\u00f3 a tener coraje, a ser valientes, y a amar sin l\u00edmites.<\/p>\n\n\n\n<p>Amigo, amiga, si tienes a tu mamita querida, aun junto a ti, abrazarla con fuerza, y dile cuanto la amas y le agradeces por todo el cari\u00f1o y cuidados que te ha brindado.<\/p>\n\n\n\n<p>\u00a0Porque por mucho que el tiempo pase, y existan miles de kil\u00f3metros de distancia, una madre no se cansa de esperar.<\/p>\n\n\n\n<figure class=\"wp-block-image\"><img loading=\"lazy\" decoding=\"async\" width=\"1024\" height=\"768\" src=\"http:\/\/www.radiopresidenteibanez.cl\/web\/wp-content\/uploads\/2019\/03\/IMG-20190310-WA0014-1024x768.jpg\" alt=\"\" class=\"wp-image-2310\" srcset=\"https:\/\/www.radiopresidenteibanez.cl\/web\/wp-content\/uploads\/2019\/03\/IMG-20190310-WA0014.jpg 1024w, https:\/\/www.radiopresidenteibanez.cl\/web\/wp-content\/uploads\/2019\/03\/IMG-20190310-WA0014-300x225.jpg 300w, https:\/\/www.radiopresidenteibanez.cl\/web\/wp-content\/uploads\/2019\/03\/IMG-20190310-WA0014-768x576.jpg 768w\" sizes=\"auto, (max-width: 1024px) 100vw, 1024px\" \/><\/figure>\n","protected":false},"excerpt":{"rendered":"<p>Si hay una persona que es importante es nuestras vidas, esa es nuestra madre. Aquella que supo siempre ense\u00f1ar una reglas muy claras acerca de lo que estaba bien, y&#8230; <a class=\"read-more\" href=\"https:\/\/www.radiopresidenteibanez.cl\/web\/una-madre-no-se-cansa-de-esperar-por-ernesto-sepulveda\/\">Leer m\u00e1s<\/a><\/p>\n","protected":false},"author":2,"featured_media":2310,"comment_status":"closed","ping_status":"closed","sticky":false,"template":"","format":"standard","meta":{"footnotes":""},"categories":[1],"tags":[],"class_list":["post-4151","post","type-post","status-publish","format-standard","has-post-thumbnail","hentry","category-cronica"],"_links":{"self":[{"href":"https:\/\/www.radiopresidenteibanez.cl\/web\/wp-json\/wp\/v2\/posts\/4151","targetHints":{"allow":["GET"]}}],"collection":[{"href":"https:\/\/www.radiopresidenteibanez.cl\/web\/wp-json\/wp\/v2\/posts"}],"about":[{"href":"https:\/\/www.radiopresidenteibanez.cl\/web\/wp-json\/wp\/v2\/types\/post"}],"author":[{"embeddable":true,"href":"https:\/\/www.radiopresidenteibanez.cl\/web\/wp-json\/wp\/v2\/users\/2"}],"replies":[{"embeddable":true,"href":"https:\/\/www.radiopresidenteibanez.cl\/web\/wp-json\/wp\/v2\/comments?post=4151"}],"version-history":[{"count":0,"href":"https:\/\/www.radiopresidenteibanez.cl\/web\/wp-json\/wp\/v2\/posts\/4151\/revisions"}],"wp:featuredmedia":[{"embeddable":true,"href":"https:\/\/www.radiopresidenteibanez.cl\/web\/wp-json\/wp\/v2\/media\/2310"}],"wp:attachment":[{"href":"https:\/\/www.radiopresidenteibanez.cl\/web\/wp-json\/wp\/v2\/media?parent=4151"}],"wp:term":[{"taxonomy":"category","embeddable":true,"href":"https:\/\/www.radiopresidenteibanez.cl\/web\/wp-json\/wp\/v2\/categories?post=4151"},{"taxonomy":"post_tag","embeddable":true,"href":"https:\/\/www.radiopresidenteibanez.cl\/web\/wp-json\/wp\/v2\/tags?post=4151"}],"curies":[{"name":"wp","href":"https:\/\/api.w.org\/{rel}","templated":true}]}}