{"id":41506,"date":"2023-07-25T16:37:00","date_gmt":"2023-07-25T19:37:00","guid":{"rendered":"https:\/\/www.radiopresidenteibanez.cl\/web\/?p=41506"},"modified":"2023-07-25T15:45:32","modified_gmt":"2023-07-25T18:45:32","slug":"senador-kusanovic-vision-de-estado-es-reconocer-a-la-provincia-antartica-en-la-nueva-constitucion","status":"publish","type":"post","link":"https:\/\/www.radiopresidenteibanez.cl\/web\/senador-kusanovic-vision-de-estado-es-reconocer-a-la-provincia-antartica-en-la-nueva-constitucion\/","title":{"rendered":"SENADOR KUSANOVIC, VISION DE ESTADO ES RECONOCER A LA PROVINCIA ANTARTICA EN LA NUEVA CONSTITUCION"},"content":{"rendered":"\n<p>Resulta inentendible que la Comisi\u00f3n Experta no incluyera a la Ant\u00e1rtica chilena como territorio especial<br>en el anteproyecto de la Constituci\u00f3n, como si lo hizo con Rapa Nui y el Archipi\u00e9lago Juan Fern\u00e1ndez. El<br>Consejo Constitucional debe rectificar este grave equ\u00edvoco, incluyendo a la Provincia Ant\u00e1rtica Chilena,<br>que comienza desde el sur del lago Fagnano, en Tierra del Fuego, y que concluye en el Polo Sur.<br>Los l\u00edmites administrativos de esta Provincia, la m\u00e1s austral de Chile, no son resultado del azar, sino que<br>expresan una idea geopol\u00edtica de la mayor relevancia: el territorio de Chile comienza &#8211; o termina, seg\u00fan<br>se quiera ver \u2013 en la Ant\u00e1rtica chilena. No hay pa\u00eds en el mundo m\u00e1s cercano a la Ant\u00e1rtica, no hay<br>costas continentales en el planeta ba\u00f1adas por el mismo oc\u00e9ano austral que las ant\u00e1rticas y fueguinas.<br>Magallanes y la \u201cTierra de O&#8217;Higgins\u201d viven bajo el mismo techo, forman una unidad indivisible y es<br>deber del Estado de Chile reconocer este v\u00ednculo, preservarlo y fortalecerlo en el tiempo, generaci\u00f3n<br>tras generaci\u00f3n. Especialmente ante un consenso ant\u00e1rtico cada vez m\u00e1s fr\u00e1gil, con capacidades<br>limitadas ante la arremetida de las grandes potencias y confrontado las pol\u00edticas ant\u00e1rticas de terceros<br>pa\u00edses cada vez m\u00e1s ambiciosas y focalizadas en la soberan\u00eda.<br>De cristalizarse la propuesta de la Comisi\u00f3n Experta, que deja fuera a la Provincia Ant\u00e1rtica del art\u00edculo<br>139 del borrador (y que fuera avalado por la misma Canciller\u00eda en su discusi\u00f3n), provocar\u00e1 el<br>desmontaje de la norma ant\u00e1rtica y su eventual descuido, desconociendo la relevancia que tiene para<br>Magallanes y como parte de la historia de Chile, de nuestra historia que \u2013 en palabras del Presidente<br>Gabriel Gonzalez Videla \u2013 \u201csignifica la resoluci\u00f3n irrevocable de nuestra patria, de defender con la vida<br>si fuere necesario la integridad de nuestro territorio nacional, que se extiende desde Arica al Polo Sur\u201d .<br>Por lo que en momentos en que los consejeros constitucionales se encuentran ingresando enmiendas al<br>anteproyecto y nuestro pa\u00eds vecino se aleja del \u201cfair play\u201d, creando mapas con evidentes intensiones<br>expansionistas sobre nuestro territorio ant\u00e1rtico, resulta imperioso hoy m\u00e1s que nunca corregir este<br>vac\u00edo y atender al inter\u00e9s nacional, a trav\u00e9s de su reconocimiento y promoci\u00f3n constitucional, siempre<br>en el marco del pleno respeto a los tratados ratificados y que se encuentran vigentes.<\/p>\n","protected":false},"excerpt":{"rendered":"<p>Resulta inentendible que la Comisi\u00f3n Experta no incluyera a la Ant\u00e1rtica chilena como territorio especialen el anteproyecto de la Constituci\u00f3n, como si lo hizo con Rapa Nui y el Archipi\u00e9lago&#8230; <a class=\"read-more\" href=\"https:\/\/www.radiopresidenteibanez.cl\/web\/senador-kusanovic-vision-de-estado-es-reconocer-a-la-provincia-antartica-en-la-nueva-constitucion\/\">Leer m\u00e1s<\/a><\/p>\n","protected":false},"author":2,"featured_media":40888,"comment_status":"closed","ping_status":"closed","sticky":false,"template":"","format":"standard","meta":{"footnotes":""},"categories":[1],"tags":[],"class_list":["post-41506","post","type-post","status-publish","format-standard","has-post-thumbnail","hentry","category-cronica"],"_links":{"self":[{"href":"https:\/\/www.radiopresidenteibanez.cl\/web\/wp-json\/wp\/v2\/posts\/41506","targetHints":{"allow":["GET"]}}],"collection":[{"href":"https:\/\/www.radiopresidenteibanez.cl\/web\/wp-json\/wp\/v2\/posts"}],"about":[{"href":"https:\/\/www.radiopresidenteibanez.cl\/web\/wp-json\/wp\/v2\/types\/post"}],"author":[{"embeddable":true,"href":"https:\/\/www.radiopresidenteibanez.cl\/web\/wp-json\/wp\/v2\/users\/2"}],"replies":[{"embeddable":true,"href":"https:\/\/www.radiopresidenteibanez.cl\/web\/wp-json\/wp\/v2\/comments?post=41506"}],"version-history":[{"count":0,"href":"https:\/\/www.radiopresidenteibanez.cl\/web\/wp-json\/wp\/v2\/posts\/41506\/revisions"}],"wp:featuredmedia":[{"embeddable":true,"href":"https:\/\/www.radiopresidenteibanez.cl\/web\/wp-json\/wp\/v2\/media\/40888"}],"wp:attachment":[{"href":"https:\/\/www.radiopresidenteibanez.cl\/web\/wp-json\/wp\/v2\/media?parent=41506"}],"wp:term":[{"taxonomy":"category","embeddable":true,"href":"https:\/\/www.radiopresidenteibanez.cl\/web\/wp-json\/wp\/v2\/categories?post=41506"},{"taxonomy":"post_tag","embeddable":true,"href":"https:\/\/www.radiopresidenteibanez.cl\/web\/wp-json\/wp\/v2\/tags?post=41506"}],"curies":[{"name":"wp","href":"https:\/\/api.w.org\/{rel}","templated":true}]}}