{"id":41503,"date":"2023-07-25T15:13:00","date_gmt":"2023-07-25T18:13:00","guid":{"rendered":"https:\/\/www.radiopresidenteibanez.cl\/web\/?p=41503"},"modified":"2023-07-25T11:54:59","modified_gmt":"2023-07-25T14:54:59","slug":"slep-magallanes-centrara-apoyo-a-la-educacion-tecnico-profesional-potenciando-las-trayectorias-educativas","status":"publish","type":"post","link":"https:\/\/www.radiopresidenteibanez.cl\/web\/slep-magallanes-centrara-apoyo-a-la-educacion-tecnico-profesional-potenciando-las-trayectorias-educativas\/","title":{"rendered":"SLEP MAGALLANES\u00a0CENTRAR\u00c1 APOYO A LA EDUCACI\u00d3N T\u00c9CNICO PROFESIONAL POTENCIANDO LAS TRAYECTORIAS EDUCATIVAS\u00a0\u00a0"},"content":{"rendered":"\n<p>Hace exactamente un a\u00f1o, el Servicio Local de Educaci\u00f3n P\u00fablica de Magallanes se instalaba en la regi\u00f3n, iniciando sus funciones administrativas y de despliegue territorial, lideradas por el director ejecutivo Mario Garc\u00eda Mart\u00ednez quien, junto a los primeros profesionales, han llevado el mensaje de la educaci\u00f3n p\u00fablica a las comunas.<\/p>\n\n\n\n<p>Este trabajo se ha ido fortaleciendo mediante el contacto directo con la comunidad educativa, mediante encuentros permanentes en los cuales se les informa de todos los detalles de uno de los procesos de cambio de la educaci\u00f3n m\u00e1s trascendentales que se haya puesto en marcha desde hace casi 40 a\u00f1os.<\/p>\n\n\n\n<p>\u201cHemos llegado para escuchar a todos y todas, e incorporar la participaci\u00f3n ciudadana en nuestro quehacer como SLEP. Hemos detallado a las comunidades educativas los principales cambios que enfrentar\u00e1 la educaci\u00f3n cuando se produzca el traspaso, transformaciones que ser\u00e1n profundas, y en las cuales necesitaremos que se sumen las diferentes visiones de esta comunidad educativa, de las y los estudiantes y sus familias, que ser\u00e1n el coraz\u00f3n de nuestro quehacer. En ese contexto, seguir conversando de manera directa con los equipos directivos, seguir\u00e1 siendo nuestro principal objetivo, para contarles c\u00f3mo colaboraremos en la gesti\u00f3n educacional\u201d, detall\u00f3&nbsp;<strong>Mario Garc\u00eda Mart\u00ednez<\/strong>, al concluir el encuentro con el equipo directivo del Liceo industrial Armando Quezada Achar\u00e1n de Punta Arenas.<\/p>\n\n\n\n<p>En este despliegue territorial, Mario Garc\u00eda Mart\u00ednez aclar\u00f3 la informaci\u00f3n a los profesionales sobre c\u00f3mo seguir\u00e1n sus ingresos y tareas, dotaci\u00f3n que ser\u00e1 traspasada, qu\u00e9 suceder\u00e1 con sus beneficios laborales, capacitaciones, incentivo al retiro, traspaso de bienes muebles y mejoramiento de infraestructura, entre otras tem\u00e1ticas.<\/p>\n\n\n\n<p>\u201cFue una muy fruct\u00edfera y productiva reuni\u00f3n, porque pudimos aclarar sobre el 90% de las dudas que ten\u00edamos, quedando s\u00f3lo 2 temas pendientes. Este espacio nos permiti\u00f3 tener mayor tranquilidad como equipo de gesti\u00f3n y como establecimiento, porque ya entendemos bien lo que suceder\u00e1 al momento del traspaso que ya est\u00e1 en tierra derecha\u201d, se\u00f1al\u00f3&nbsp;<strong>Jorge Cabezas Arcos, director del Liceo Industrial Armando Quezada Achar\u00e1n.<\/strong><\/p>\n\n\n\n<p><strong>Mirada especial con la educaci\u00f3n TP<\/strong><\/p>\n\n\n\n<p>En la reuni\u00f3n tambi\u00e9n se detall\u00f3 el inter\u00e9s del SLEP Magallanes por potenciar la educaci\u00f3n T\u00e9cnico Profesional (TP), que se centrar\u00e1 en entregar una educaci\u00f3n especializada, que les permita proseguir mejores opciones laborales.<\/p>\n\n\n\n<p>\u201cQueremos mejorar la trayectoria de nuestros estudiantes de la educaci\u00f3n t\u00e9cnico profesional, de manera que avancen con mayor empuje para alcanzar objetivos de progreso y movilidad social. Es importante entonces reconocer, visibilizar y potenciar sus diferencias con la modalidad Cient\u00edfico &#8211; Humanista y de esa forma seguir fortaleci\u00e9ndola como una alternativa de calidad, que permita compatibilizar trabajo y estudios y que ofrezca trayectorias de aprendizaje continuo y pertinente de cara al futuro\u201d, aclar\u00f3 Mario Garc\u00eda Mart\u00ednez.<\/p>\n\n\n\n<p>El SLEP Magallanes a trav\u00e9s de la Unidad de Apoyo T\u00e9cnico Pedag\u00f3gico orientar\u00e1 las pol\u00edticas educacionales al desarrollo de aptitudes, competencias, habilidades y conocimientos, desde un enfoque de aprendizaje pr\u00e1ctico, que se conjuguen adem\u00e1s con un acercamiento a la realidad laboral.<\/p>\n\n\n\n<p>En ese sentido, el director del Liceo industrial tambi\u00e9n aprovech\u00f3 la oportunidad para informar que para el a\u00f1o 2024, sumar\u00e1n un curso adicional al nivel de primero medio, sumando 35 cupos.<\/p>\n\n\n\n<p>\u201cHa sido un desaf\u00edo crear un curso adicional en primero medio, pero eso tambi\u00e9n nos obligar\u00e1 a tener si o si una nueva especialidad para cubrir a estos estudiantes que necesiten avanzar en sus trayectorias educativas, asociando con esto la creaci\u00f3n de una carrera TP que tenga que ver con el \u00e1rea de la energ\u00eda\u201d, adelant\u00f3 el director del Liceo Industrial.<\/p>\n\n\n\n<p>Actualmente el liceo cuenta con una dotaci\u00f3n de 94 funcionarios, entre docentes y asistentes de la educaci\u00f3n para una matr\u00edcula de 370 estudiantes.<\/p>\n","protected":false},"excerpt":{"rendered":"<p>Hace exactamente un a\u00f1o, el Servicio Local de Educaci\u00f3n P\u00fablica de Magallanes se instalaba en la regi\u00f3n, iniciando sus funciones administrativas y de despliegue territorial, lideradas por el director ejecutivo&#8230; <a class=\"read-more\" href=\"https:\/\/www.radiopresidenteibanez.cl\/web\/slep-magallanes-centrara-apoyo-a-la-educacion-tecnico-profesional-potenciando-las-trayectorias-educativas\/\">Leer m\u00e1s<\/a><\/p>\n","protected":false},"author":2,"featured_media":41504,"comment_status":"closed","ping_status":"closed","sticky":false,"template":"","format":"standard","meta":{"footnotes":""},"categories":[1],"tags":[],"class_list":["post-41503","post","type-post","status-publish","format-standard","has-post-thumbnail","hentry","category-cronica"],"_links":{"self":[{"href":"https:\/\/www.radiopresidenteibanez.cl\/web\/wp-json\/wp\/v2\/posts\/41503","targetHints":{"allow":["GET"]}}],"collection":[{"href":"https:\/\/www.radiopresidenteibanez.cl\/web\/wp-json\/wp\/v2\/posts"}],"about":[{"href":"https:\/\/www.radiopresidenteibanez.cl\/web\/wp-json\/wp\/v2\/types\/post"}],"author":[{"embeddable":true,"href":"https:\/\/www.radiopresidenteibanez.cl\/web\/wp-json\/wp\/v2\/users\/2"}],"replies":[{"embeddable":true,"href":"https:\/\/www.radiopresidenteibanez.cl\/web\/wp-json\/wp\/v2\/comments?post=41503"}],"version-history":[{"count":0,"href":"https:\/\/www.radiopresidenteibanez.cl\/web\/wp-json\/wp\/v2\/posts\/41503\/revisions"}],"wp:featuredmedia":[{"embeddable":true,"href":"https:\/\/www.radiopresidenteibanez.cl\/web\/wp-json\/wp\/v2\/media\/41504"}],"wp:attachment":[{"href":"https:\/\/www.radiopresidenteibanez.cl\/web\/wp-json\/wp\/v2\/media?parent=41503"}],"wp:term":[{"taxonomy":"category","embeddable":true,"href":"https:\/\/www.radiopresidenteibanez.cl\/web\/wp-json\/wp\/v2\/categories?post=41503"},{"taxonomy":"post_tag","embeddable":true,"href":"https:\/\/www.radiopresidenteibanez.cl\/web\/wp-json\/wp\/v2\/tags?post=41503"}],"curies":[{"name":"wp","href":"https:\/\/api.w.org\/{rel}","templated":true}]}}