{"id":415,"date":"2019-01-13T16:49:30","date_gmt":"2019-01-13T16:49:30","guid":{"rendered":"http:\/\/www.radiopresidenteibanez.cl\/web\/?p=415"},"modified":"2019-01-13T16:49:48","modified_gmt":"2019-01-13T16:49:48","slug":"primera-dama-y-presidente-pinera-anuncian-primer-operativo-geriatrico-para-adultos-mayores-en-zonas-extremas","status":"publish","type":"post","link":"https:\/\/www.radiopresidenteibanez.cl\/web\/primera-dama-y-presidente-pinera-anuncian-primer-operativo-geriatrico-para-adultos-mayores-en-zonas-extremas\/","title":{"rendered":"PRIMERA DAMA Y PRESIDENTE PI\u00d1ERA ANUNCIAN PRIMER OPERATIVO GERI\u00c1TRICO PARA ADULTOS MAYORES EN ZONAS EXTREMAS"},"content":{"rendered":"\n<p>en la base de la Fuerza A\u00e9rea \u201cChabuco\u201d de Punta Arenas, la primera dama Cecilia Morel junto al Presidente de la Rep\u00fablica, Sebasti\u00e1n Pi\u00f1era, el ministro de Defensa, Alberto Espina, la intendenta regional Mar\u00eda Teresa Casta\u00f1\u00f3n y el director de SENAMA Octavio Vergara, despidieron a 11 m\u00e9dicos geriatras quienes partieron a realizar un operativo con adultos mayores que viven en zonas aisladas de Porvenir, Puerto Natales y Punta Arenas durante este fin de semana. Esta iniciativa se enmarca dentro del programa que lidera la Primera Dama llamado \u201cAdulto Mejor\u201d, el cual busca integrar a las personas mayores a trav\u00e9s de una serie de pol\u00edticas p\u00fablicas que promuevan el envejecimiento activo y saludable.<\/p>\n\n\n\n<p>\u201cEste operativo forma parte esencial de nuestro programa Adulto Mejor. Debemos tratar de llegar a la mayor cantidad de nuestros adultos mayores y quienes viven en zonas extremas tambi\u00e9n tienen preocupaciones, problemas y demandas.&nbsp; Conocemos la falta de geriatras en nuestro pa\u00eds, es por eso que este trabajo cobra a\u00fan mayor relevancia. Ante esta escasez, estamos formando a nivel nacional cerca de 60 nuevos geriatras y hoy m\u00e1s de 10 especialistas van a atender en Punta Arenas, Puerto Natales y Porvenir a cerca de 140 adultos mayores. Vamos a continuar trabajando porque tengamos m\u00e1s geriatras y que este tipo de iniciativas se repitan\u201d, se\u00f1al\u00f3 Cecilia Morel.<\/p>\n\n\n\n<p>El objetivo de esta instancia es poder atender las necesidades m\u00e9dicas de nuestros adultos mayores que viven en zonas extremas y as\u00ed promover la integraci\u00f3n social de las personas mayores en todos los \u00e1mbitos de sus vidas. Este plan se enmarca dentro del pilar servicios cercanos del programa \u201cAdulto Mejor\u201d el cual busca promover instituciones amigables con las personas mayores con el fin de mejorar sus accesos, entregar atenciones oportunas y de calidad como adem\u00e1s adecuar tr\u00e1mites y procesos a sus necesidades.<\/p>\n\n\n\n<p>Los operativos de las Fuerzas Armadas incluir\u00e1n en el futuro atenciones m\u00e9dicas, reparaciones menores de viviendas, atenci\u00f3n de peluquer\u00eda, actividades de recreaci\u00f3n, entre otras actividades. \u201cQueremos que cada chileno adulto mayor sea considerado por sus autoridades con el fin de mejorarles su calidad de vida\u201d, agreg\u00f3 Cecilia Morel.<\/p>\n\n\n\n<p>Este programa de este fin de semana pretender\u00e1 atender a m\u00e1s de 350 adultos mayores, 140 en Punta Arenas, cerca de 125 en Puerto Natales y alrededor de 80 en Porvenir. En la comuna de Puerto Natales los m\u00e9dicos visitar\u00e1n el Cesfam de la ciudad y un condominio de viviendas tuteladas.<\/p>\n\n\n\n<p>En tanto, en Punta Arenas atender\u00e1n en el inaugurado centro diurno referencial y en el ELEAM del Hogar de Cristo. En la comuna de Porvenir los geriatras estar\u00e1n atendiendo en el condominio de viviendas tuteladas de la zona y en el Hospital.<\/p>\n\n\n\n<p>En ese contexto la primera autoridad regional, intendenta Mar\u00eda Teresa Casta\u00f1\u00f3n al visitar a los geriatras que est\u00e1n atendiendo en la comuna de Punta Arenas se\u00f1al\u00f3 \u201cac\u00e1 en la regi\u00f3n tenemos del orden de 20 mil adultos mayores, hoy d\u00eda este operativo que trae la Primera Dama enfocado en el Plan de Gobierno de nuestro Presidente Sebasti\u00e1n Pi\u00f1era, Adulto Mejor, est\u00e1 enfocado justamente en mejorar la calidad de vida de nuestros adultos mayores, hoy d\u00eda tenemos atendiendo en Natales, en Porvenir y ac\u00e1 en Punta Arenas, hay que mencionar y agradecer a los geriatras que est\u00e1n ac\u00e1, ellos son voluntarios, ac\u00e1 se unieron varias fuerzas, es un trabajo de gesti\u00f3n y como dice nuestro Presidente Sebasti\u00e1n Pi\u00f1era, Chile Lo Hacemos Todos y eso es lo que est\u00e1 demostrado al d\u00eda de hoy, habl\u00e9 con algunos adultos mayores, est\u00e1n muy contentos, han sido muy bien atendidos y era una necesidad sentida por nuestros adultos mayores, hoy se est\u00e1 dando cumplimiento a lo que ellos tanto requer\u00edan que eran especialistas geriatras en nuestra regi\u00f3n y la primera Dama junto al Presidente de la rep\u00fablica y Senama, han coordinado esta actividad y esperemos que no sea la primera ni la \u00faltima del a\u00f1o\u201d.<\/p>\n\n\n\n<p>Por su parte el director nacional de Senama Octavio Vergara destac\u00f3 \u201creconocemos y agradecemos primero que todo la iniciativa que est\u00e1 liderada por la primera dama, pero tambi\u00e9n empujada con mucha fuerza por parte de la intendenta que se ha comprometido a poder avanzar en este importante tema Pa\u00eds, y tambi\u00e9n muy agradecido de la sociedad de geriatr\u00eda de Chile y gerontolog\u00eda que nos acompa\u00f1a hoy su presidente y un equipo de profesionales que finalmente estamos trayendo a la regi\u00f3n, cerca de un 10% de los geriatras del pa\u00eds, es un ejercicio que por primera vez lo estamos haciendo, muy contento de esta alianza, muy contento de partirlo en Magallanes por es el entusiasmo que tiene la regi\u00f3n y la intendenta de poder trabajar este tema con fuerza\u201d.<\/p>\n\n\n\n<p>Finalmente, el Presidente de la Sociedad de Geriatr\u00eda y Gerontolog\u00eda de Chile, Dr. Homero Gac se\u00f1al\u00f3 \u201desta es la primera vez que nosotros venimos y es el primer operativo que se realiza, y se eligi\u00f3 Magallanes debido a que, nosotros queremos dar una se\u00f1al tambi\u00e9n, que los adultos mayores est\u00e1n en todo Chile y que en las regiones m\u00e1s extremas hay muchos adultos mayores y que merecen el mejor trato y la mejor calidad de atenci\u00f3n, eso significa personal especializado, personas que se dediquen a las personas mayores, del mismo modo que uno quiere que a sus hijos los atienda un pediatra o un neonatologo cuando nacen,&nbsp; las personas mayores quieren que los atienda un geriatra y eso me parece que es lo que tenemos que hacer\u201d.<\/p>\n\n\n\n<p>Destac\u00f3 adem\u00e1s que \u201cuno de los temas centrales de la geriatr\u00eda tiene que ver con la continuidad de los cuidados, por lo tanto, probablemente vamos a generar m\u00e1s operativos, la intendenta est\u00e1 muy interesada en mantener el v\u00ednculo para poder seguir realizando estas actividades\u201d concluyo el Dr. Homero Gac.<\/p>\n","protected":false},"excerpt":{"rendered":"<p>en la base de la Fuerza A\u00e9rea \u201cChabuco\u201d de Punta Arenas, la primera dama Cecilia Morel junto al Presidente de la Rep\u00fablica, Sebasti\u00e1n Pi\u00f1era, el ministro de Defensa, Alberto Espina,&#8230; <a class=\"read-more\" href=\"https:\/\/www.radiopresidenteibanez.cl\/web\/primera-dama-y-presidente-pinera-anuncian-primer-operativo-geriatrico-para-adultos-mayores-en-zonas-extremas\/\">Leer m\u00e1s<\/a><\/p>\n","protected":false},"author":2,"featured_media":416,"comment_status":"closed","ping_status":"closed","sticky":false,"template":"","format":"standard","meta":{"footnotes":""},"categories":[1],"tags":[],"class_list":["post-415","post","type-post","status-publish","format-standard","has-post-thumbnail","hentry","category-cronica"],"_links":{"self":[{"href":"https:\/\/www.radiopresidenteibanez.cl\/web\/wp-json\/wp\/v2\/posts\/415","targetHints":{"allow":["GET"]}}],"collection":[{"href":"https:\/\/www.radiopresidenteibanez.cl\/web\/wp-json\/wp\/v2\/posts"}],"about":[{"href":"https:\/\/www.radiopresidenteibanez.cl\/web\/wp-json\/wp\/v2\/types\/post"}],"author":[{"embeddable":true,"href":"https:\/\/www.radiopresidenteibanez.cl\/web\/wp-json\/wp\/v2\/users\/2"}],"replies":[{"embeddable":true,"href":"https:\/\/www.radiopresidenteibanez.cl\/web\/wp-json\/wp\/v2\/comments?post=415"}],"version-history":[{"count":0,"href":"https:\/\/www.radiopresidenteibanez.cl\/web\/wp-json\/wp\/v2\/posts\/415\/revisions"}],"wp:featuredmedia":[{"embeddable":true,"href":"https:\/\/www.radiopresidenteibanez.cl\/web\/wp-json\/wp\/v2\/media\/416"}],"wp:attachment":[{"href":"https:\/\/www.radiopresidenteibanez.cl\/web\/wp-json\/wp\/v2\/media?parent=415"}],"wp:term":[{"taxonomy":"category","embeddable":true,"href":"https:\/\/www.radiopresidenteibanez.cl\/web\/wp-json\/wp\/v2\/categories?post=415"},{"taxonomy":"post_tag","embeddable":true,"href":"https:\/\/www.radiopresidenteibanez.cl\/web\/wp-json\/wp\/v2\/tags?post=415"}],"curies":[{"name":"wp","href":"https:\/\/api.w.org\/{rel}","templated":true}]}}