{"id":41490,"date":"2023-07-25T10:23:00","date_gmt":"2023-07-25T13:23:00","guid":{"rendered":"https:\/\/www.radiopresidenteibanez.cl\/web\/?p=41490"},"modified":"2023-07-25T08:26:38","modified_gmt":"2023-07-25T11:26:38","slug":"comenzo-el-nuevo-concurso-para-la-asignacion-de-11-carros-de-artesania-ubicados-en-la-plaza-de-armas","status":"publish","type":"post","link":"https:\/\/www.radiopresidenteibanez.cl\/web\/comenzo-el-nuevo-concurso-para-la-asignacion-de-11-carros-de-artesania-ubicados-en-la-plaza-de-armas\/","title":{"rendered":"COMENZO EL NUEVO CONCURSO PARA LA ASIGNACION DE 11 CARROS DE ARTESANIA UBICADOS EN LA PLAZA DE ARMAS"},"content":{"rendered":"\n<p>La Municipalidad de Punta Arenas, a trav\u00e9s de la Direcci\u00f3n de Fomento Productivo y Turismo, present\u00f3 las Bases que regular\u00e1n el proceso de asignaci\u00f3n de carros de venta de productos artesanales, emplazados en la \u201cPlaza de Armas, Benjam\u00edn Mu\u00f1oz Gamero\u201d, con la finalidad de promover el desarrollo de la actividad artesanal, la difusi\u00f3n de la identidad y el patrimonio cultural de nuestra comuna.<\/p>\n\n\n\n<p>La iniciativa que comenz\u00f3 en el a\u00f1o 2017, busca favorecer la generaci\u00f3n de espacios y canales de comercializaci\u00f3n que promuevan el fortalecimiento de la actividad artesanal a nivel local, pero tambi\u00e9n promover la valorizaci\u00f3n y reconocimiento de la identidad local y el patrimonio cultural de la zona.<\/p>\n\n\n\n<p>\u201cQueremos que sean artesanos residentes en nuestra ciudad, de tal forma que un lugar tan visitado, como es la Plaza de Armas, tenga un valor agregado con productos hechos por artistas locales, y que est\u00e9n en el registro nacional dependiente del Ministerio de Cultura\u201d.<\/p>\n\n\n\n<p>La idea es que esta asignaci\u00f3n dure 3 a\u00f1os, a contar del 1 de septiembre, entregando continuidad a quienes postulan y se adjudican este proceso, siendo un aliciente para que los artesanos participen.<\/p>\n\n\n\n<p>Sonia Ag\u00fcero, directora (s) de Fomento Productivo y Turismo del municipio, detall\u00f3 que \u201chay 11 carros disponibles para concursar, por lo que invitamos a todos los interesados a revisar las bases para esta convocatoria\u201d.<\/p>\n\n\n\n<p>Las bases estar\u00e1n disponibles desde el 24 y hasta el 31 de julio, en el sitio web&nbsp;<a href=\"http:\/\/www.puntaarenas.cl\/\" target=\"_blank\" rel=\"noreferrer noopener\">www.puntaarenas.cl<\/a>&nbsp;&nbsp;o directamente en las oficinas de la Direcci\u00f3n de Fomento Productivo,&nbsp;&nbsp;ubicadas en calle Plaza Mu\u00f1oz Gamero 745, 1\u00ba piso (interior).<\/p>\n\n\n\n<p>En tanto, las postulaciones se deber\u00e1n presentar como \u00fanica fecha establecida, el d\u00eda 7 de agosto del 2023, en Oficina de Partes del municipio, desde las 08:15 y hasta las 13 horas.<\/p>\n\n\n\n<p>Los interesados en postular a la asignaci\u00f3n de un carro de venta de productos artesanales, deber\u00e1n cumplir con los siguientes requisitos:<\/p>\n\n\n\n<p>a) Ser persona natural o E.I.R.L. mayor de 18 a\u00f1os con domicilio en la comuna de Punta Arenas.<\/p>\n\n\n\n<p>b) Contar con residencia m\u00ednima de 3 a\u00f1os en la comuna.<\/p>\n\n\n\n<p>c) Desarrollar un oficio o actividad artesanal en el \u00e1mbito de las disciplinas reconocidas por el Registro Nacional de Artesan\u00eda.<\/p>\n\n\n\n<p>d) Que el RUN O RUT del postulante NO est\u00e9 asociado a ning\u00fan tipo de permiso y\/o patente municipal, vigente a la fecha de postulaci\u00f3n1.<\/p>\n","protected":false},"excerpt":{"rendered":"<p>La Municipalidad de Punta Arenas, a trav\u00e9s de la Direcci\u00f3n de Fomento Productivo y Turismo, present\u00f3 las Bases que regular\u00e1n el proceso de asignaci\u00f3n de carros de venta de productos&#8230; <a class=\"read-more\" href=\"https:\/\/www.radiopresidenteibanez.cl\/web\/comenzo-el-nuevo-concurso-para-la-asignacion-de-11-carros-de-artesania-ubicados-en-la-plaza-de-armas\/\">Leer m\u00e1s<\/a><\/p>\n","protected":false},"author":2,"featured_media":41491,"comment_status":"closed","ping_status":"closed","sticky":false,"template":"","format":"standard","meta":{"footnotes":""},"categories":[1],"tags":[],"class_list":["post-41490","post","type-post","status-publish","format-standard","has-post-thumbnail","hentry","category-cronica"],"_links":{"self":[{"href":"https:\/\/www.radiopresidenteibanez.cl\/web\/wp-json\/wp\/v2\/posts\/41490","targetHints":{"allow":["GET"]}}],"collection":[{"href":"https:\/\/www.radiopresidenteibanez.cl\/web\/wp-json\/wp\/v2\/posts"}],"about":[{"href":"https:\/\/www.radiopresidenteibanez.cl\/web\/wp-json\/wp\/v2\/types\/post"}],"author":[{"embeddable":true,"href":"https:\/\/www.radiopresidenteibanez.cl\/web\/wp-json\/wp\/v2\/users\/2"}],"replies":[{"embeddable":true,"href":"https:\/\/www.radiopresidenteibanez.cl\/web\/wp-json\/wp\/v2\/comments?post=41490"}],"version-history":[{"count":0,"href":"https:\/\/www.radiopresidenteibanez.cl\/web\/wp-json\/wp\/v2\/posts\/41490\/revisions"}],"wp:featuredmedia":[{"embeddable":true,"href":"https:\/\/www.radiopresidenteibanez.cl\/web\/wp-json\/wp\/v2\/media\/41491"}],"wp:attachment":[{"href":"https:\/\/www.radiopresidenteibanez.cl\/web\/wp-json\/wp\/v2\/media?parent=41490"}],"wp:term":[{"taxonomy":"category","embeddable":true,"href":"https:\/\/www.radiopresidenteibanez.cl\/web\/wp-json\/wp\/v2\/categories?post=41490"},{"taxonomy":"post_tag","embeddable":true,"href":"https:\/\/www.radiopresidenteibanez.cl\/web\/wp-json\/wp\/v2\/tags?post=41490"}],"curies":[{"name":"wp","href":"https:\/\/api.w.org\/{rel}","templated":true}]}}