{"id":4149,"date":"2019-05-13T13:05:48","date_gmt":"2019-05-13T13:05:48","guid":{"rendered":"http:\/\/www.radiopresidenteibanez.cl\/web\/?p=4149"},"modified":"2019-05-13T13:06:21","modified_gmt":"2019-05-13T13:06:21","slug":"geriatra-lobos-y-posibilidad-de-que-adultos-mayores-trabajen-mas-anos-las-personas-que-se-sientan-capaces-pueden-desarrollar-actividades-economicas-pero-con-otro-ritmo","status":"publish","type":"post","link":"https:\/\/www.radiopresidenteibanez.cl\/web\/geriatra-lobos-y-posibilidad-de-que-adultos-mayores-trabajen-mas-anos-las-personas-que-se-sientan-capaces-pueden-desarrollar-actividades-economicas-pero-con-otro-ritmo\/","title":{"rendered":"GERIATRA LOBOS Y POSIBILIDAD DE QUE ADULTOS MAYORES TRABAJEN M\u00c1S A\u00d1OS: \u201cLAS PERSONAS QUE SE SIENTAN CAPACES, PUEDEN DESARROLLAR ACTIVIDADES ECON\u00d3MICAS, PERO CON OTRO RITMO\u201d"},"content":{"rendered":"\n<p>El trabajo de los adultos mayores en nuestro pa\u00eds ha sido un\ntema de discusi\u00f3n durante los \u00faltimos a\u00f1os y, aunque la propuesta de aumentar\nla edad de jubilaci\u00f3n no ha sido confirmada, el m\u00e9dico geriatra, Ram\u00f3n Lobos,\nentreg\u00f3 su visi\u00f3n profesional al respecto.<\/p>\n\n\n\n<p>Seg\u00fan indic\u00f3, las expectativas de vida de los chilenos han\nido aumentando y, junto con ello, la poblaci\u00f3n ha ido envejeciendo. En este\ncontexto, el hecho que los adultos mayores trabajen m\u00e1s a\u00f1os depender\u00e1 de su\nestado de salud f\u00edsica y emocional, principalmente. \u201cPensar que todos est\u00e1n\npreparados para poder trabajar despu\u00e9s de la edad de jubilaci\u00f3n actual, cinco o\nm\u00e1s a\u00f1os, no necesariamente es algo que sea beneficioso para todos. Tambi\u00e9n va\na depender del tipo de trabajo que desempe\u00f1emos\u201d, afirm\u00f3 el m\u00e9dico geriatra,\nexplicando que alguien que durante su vida ha realizado un trabajo f\u00edsico o\nmanual, al llegar a mayor tendr\u00e1 las capacidades m\u00e1s deterioradas que cuando\nera joven. <\/p>\n\n\n\n<p>\u201cPor lo tanto, cuando decimos que los adultos mayores pueden\ntrabajar m\u00e1s tiempo, tenemos que ir pensando en ofrecer distintas alternativas,\nno necesariamente el mismo trabajo f\u00edsico, tampoco pensar en el mismo tipo de\nhorario. No es lo mismo que un adulto se levante a las 6 de la ma\u00f1ana para\nestar a las 8 en el trabajo, y trabajar hasta las 4 o 5 de la tarde y volver a\nsu casa. Es complejo\u201d, puntualiz\u00f3 Lobos, agregando que \u201clas personas que se\nsientan capaces, pueden desarrollar actividades econ\u00f3micas, pero con otro\nritmo\u201d. <\/p>\n\n\n\n<p>Entre los oficios que podr\u00edan crearse para los adultos mayores ya jubilados, el profesional propone que podr\u00edan ser contratados como capacitadores de las nuevas generaciones, en aquellos oficios en que hayan acumulado experiencia durante su etapa laboral, para traspasar estos conocimientos a los nuevos funcionarios que vayan ingresando a las reparticiones p\u00fablicas o privadas.<\/p>\n\n\n\n<figure class=\"wp-block-image\"><img loading=\"lazy\" decoding=\"async\" width=\"900\" height=\"599\" src=\"http:\/\/www.radiopresidenteibanez.cl\/web\/wp-content\/uploads\/2019\/03\/RAMON-LOBOS-2.jpg.jpg\" alt=\"\" class=\"wp-image-2196\" srcset=\"https:\/\/www.radiopresidenteibanez.cl\/web\/wp-content\/uploads\/2019\/03\/RAMON-LOBOS-2.jpg.jpg 900w, https:\/\/www.radiopresidenteibanez.cl\/web\/wp-content\/uploads\/2019\/03\/RAMON-LOBOS-2.jpg-300x200.jpg 300w, https:\/\/www.radiopresidenteibanez.cl\/web\/wp-content\/uploads\/2019\/03\/RAMON-LOBOS-2.jpg-768x511.jpg 768w\" sizes=\"auto, (max-width: 900px) 100vw, 900px\" \/><\/figure>\n","protected":false},"excerpt":{"rendered":"<p>El trabajo de los adultos mayores en nuestro pa\u00eds ha sido un tema de discusi\u00f3n durante los \u00faltimos a\u00f1os y, aunque la propuesta de aumentar la edad de jubilaci\u00f3n no&#8230; <a class=\"read-more\" href=\"https:\/\/www.radiopresidenteibanez.cl\/web\/geriatra-lobos-y-posibilidad-de-que-adultos-mayores-trabajen-mas-anos-las-personas-que-se-sientan-capaces-pueden-desarrollar-actividades-economicas-pero-con-otro-ritmo\/\">Leer m\u00e1s<\/a><\/p>\n","protected":false},"author":2,"featured_media":2196,"comment_status":"closed","ping_status":"closed","sticky":false,"template":"","format":"standard","meta":{"footnotes":""},"categories":[1],"tags":[],"class_list":["post-4149","post","type-post","status-publish","format-standard","has-post-thumbnail","hentry","category-cronica"],"_links":{"self":[{"href":"https:\/\/www.radiopresidenteibanez.cl\/web\/wp-json\/wp\/v2\/posts\/4149","targetHints":{"allow":["GET"]}}],"collection":[{"href":"https:\/\/www.radiopresidenteibanez.cl\/web\/wp-json\/wp\/v2\/posts"}],"about":[{"href":"https:\/\/www.radiopresidenteibanez.cl\/web\/wp-json\/wp\/v2\/types\/post"}],"author":[{"embeddable":true,"href":"https:\/\/www.radiopresidenteibanez.cl\/web\/wp-json\/wp\/v2\/users\/2"}],"replies":[{"embeddable":true,"href":"https:\/\/www.radiopresidenteibanez.cl\/web\/wp-json\/wp\/v2\/comments?post=4149"}],"version-history":[{"count":0,"href":"https:\/\/www.radiopresidenteibanez.cl\/web\/wp-json\/wp\/v2\/posts\/4149\/revisions"}],"wp:featuredmedia":[{"embeddable":true,"href":"https:\/\/www.radiopresidenteibanez.cl\/web\/wp-json\/wp\/v2\/media\/2196"}],"wp:attachment":[{"href":"https:\/\/www.radiopresidenteibanez.cl\/web\/wp-json\/wp\/v2\/media?parent=4149"}],"wp:term":[{"taxonomy":"category","embeddable":true,"href":"https:\/\/www.radiopresidenteibanez.cl\/web\/wp-json\/wp\/v2\/categories?post=4149"},{"taxonomy":"post_tag","embeddable":true,"href":"https:\/\/www.radiopresidenteibanez.cl\/web\/wp-json\/wp\/v2\/tags?post=4149"}],"curies":[{"name":"wp","href":"https:\/\/api.w.org\/{rel}","templated":true}]}}