{"id":41483,"date":"2023-07-25T08:23:00","date_gmt":"2023-07-25T11:23:00","guid":{"rendered":"https:\/\/www.radiopresidenteibanez.cl\/web\/?p=41483"},"modified":"2023-07-25T08:11:18","modified_gmt":"2023-07-25T11:11:18","slug":"tras-intensas-nevadas-en-ultima-esperanza-delegada-romina-alvarez-junto-a-carabineros-entrega-recomendaciones-de-seguridad","status":"publish","type":"post","link":"https:\/\/www.radiopresidenteibanez.cl\/web\/tras-intensas-nevadas-en-ultima-esperanza-delegada-romina-alvarez-junto-a-carabineros-entrega-recomendaciones-de-seguridad\/","title":{"rendered":"TRAS INTENSAS NEVADAS EN \u00daLTIMA ESPERANZA DELEGADA ROMINA \u00c1LVAREZ JUNTO A CARABINEROS ENTREGA RECOMENDACIONES DE SEGURIDAD"},"content":{"rendered":"\n<p>En contexto de las intensas nevadas que desde la noche del 20 de julio de 2023 que se dejaron caer en la provincia de \u00daltima Esperanza, que motivaron la activaci\u00f3n, tanto, del COGRID comunal como provincial, durante la jornada de hoy, la delegada presidencial provincial, Romina \u00c1lvarez Alarc\u00f3n, junto al el subcomisario Pablo Herrera Godoy, de la subcomisaria de Carabineros de Casas Viejas, entregaron recomendaciones de seguridad para toda la comunidad.<\/p>\n\n\n\n<p>El evento clim\u00e1tico provoc\u00f3 en esos d\u00edas una serie de restricciones en el tr\u00e1nsito por las rutas de la provincia, especialmente de veh\u00edculos livianos, propensos a sufrir accidentes. Obligatoriedad de uso de cadenas y\/o clavos en las Rutas 9 y CH-255, solo tr\u00e1nsito de veh\u00edculos 4&#215;4 con cadenas por algunos trayectos, fueron algunas de las restricciones que se dieron a conocer el d\u00eda viernes 21 de julio para ese mismo d\u00eda.<\/p>\n\n\n\n<p>No obstante, si bien actualmente esas medidas fueron levantadas por SENAPRED y Carabineros de Chile, gran cantidad de nieve cubre los caminos de \u00daltima Esperanza, por lo que se requiere a la comunidad m\u00e1xima precauci\u00f3n y responsabilidad.<\/p>\n\n\n\n<p>Al respecto, la m\u00e1xima autoridad provincial, Romina \u00c1lvarez Alarc\u00f3n, indic\u00f3 \u201cHacemos el llamado a resguardar todas las medidas de seguridad vial y a considerar que en la ruta debemos tener precauci\u00f3n por sobre todo, y utilizar neum\u00e1ticos con clavos, cadenas. Ante emergencias activar el A-B-C, Ambulancia, Bomberos y Carabineros; Vialidad o recurrir a los Municipios de la provincia de \u00daltima Esperanza\u201d.<\/p>\n\n\n\n<p>En esta misma l\u00ednea, el subcomisario Pablo Herrera Godoy, de la subcomisaria de Carabineros de Casas Viejas, se\u00f1al\u00f3 que \u201cPese a que la condici\u00f3n clim\u00e1tica de nevaz\u00f3n ya ha mermado un poco, las bajas temperaturas van a continuar los pr\u00f3ximos d\u00edas. Por lo mismo, como Carabineros incentivamos que la conducci\u00f3n sea siempre con medidas de precauci\u00f3n, conducir a una velocidad menor a la recomendada\u201d.<\/p>\n\n\n\n<p>El subcomisario a\u00f1adi\u00f3 que \u201cSi bien no existe una restricci\u00f3n total del tr\u00e1nsito, es importante que en los lugares donde a\u00fan hay nieve se utilicen las cadenas de forma preventiva o uso de neum\u00e1ticos con clavos. As\u00ed tambi\u00e9n, tanto en las ciudades como en las rutas, de debe mantener una distancia mayor, ya que la distancia de frenado aumenta con la nieve o escarcha, por ende debemos multiplicar una distancia normal\u201d.<\/p>\n\n\n\n<p>Finalmente desde Carabinero se\u00f1alaron que \u201cSi bien ha dejado de nevar, las rutas no est\u00e1n al cien por cien, por ende siempre debemos adoptar medidas de autocuidado para la conducci\u00f3n en nuestra ruta\u201d.<\/p>\n","protected":false},"excerpt":{"rendered":"<p>En contexto de las intensas nevadas que desde la noche del 20 de julio de 2023 que se dejaron caer en la provincia de \u00daltima Esperanza, que motivaron la activaci\u00f3n,&#8230; <a class=\"read-more\" href=\"https:\/\/www.radiopresidenteibanez.cl\/web\/tras-intensas-nevadas-en-ultima-esperanza-delegada-romina-alvarez-junto-a-carabineros-entrega-recomendaciones-de-seguridad\/\">Leer m\u00e1s<\/a><\/p>\n","protected":false},"author":2,"featured_media":41484,"comment_status":"closed","ping_status":"closed","sticky":false,"template":"","format":"standard","meta":{"footnotes":""},"categories":[1],"tags":[],"class_list":["post-41483","post","type-post","status-publish","format-standard","has-post-thumbnail","hentry","category-cronica"],"_links":{"self":[{"href":"https:\/\/www.radiopresidenteibanez.cl\/web\/wp-json\/wp\/v2\/posts\/41483","targetHints":{"allow":["GET"]}}],"collection":[{"href":"https:\/\/www.radiopresidenteibanez.cl\/web\/wp-json\/wp\/v2\/posts"}],"about":[{"href":"https:\/\/www.radiopresidenteibanez.cl\/web\/wp-json\/wp\/v2\/types\/post"}],"author":[{"embeddable":true,"href":"https:\/\/www.radiopresidenteibanez.cl\/web\/wp-json\/wp\/v2\/users\/2"}],"replies":[{"embeddable":true,"href":"https:\/\/www.radiopresidenteibanez.cl\/web\/wp-json\/wp\/v2\/comments?post=41483"}],"version-history":[{"count":0,"href":"https:\/\/www.radiopresidenteibanez.cl\/web\/wp-json\/wp\/v2\/posts\/41483\/revisions"}],"wp:featuredmedia":[{"embeddable":true,"href":"https:\/\/www.radiopresidenteibanez.cl\/web\/wp-json\/wp\/v2\/media\/41484"}],"wp:attachment":[{"href":"https:\/\/www.radiopresidenteibanez.cl\/web\/wp-json\/wp\/v2\/media?parent=41483"}],"wp:term":[{"taxonomy":"category","embeddable":true,"href":"https:\/\/www.radiopresidenteibanez.cl\/web\/wp-json\/wp\/v2\/categories?post=41483"},{"taxonomy":"post_tag","embeddable":true,"href":"https:\/\/www.radiopresidenteibanez.cl\/web\/wp-json\/wp\/v2\/tags?post=41483"}],"curies":[{"name":"wp","href":"https:\/\/api.w.org\/{rel}","templated":true}]}}