{"id":41467,"date":"2023-07-24T13:39:00","date_gmt":"2023-07-24T16:39:00","guid":{"rendered":"https:\/\/www.radiopresidenteibanez.cl\/web\/?p=41467"},"modified":"2023-07-24T10:54:50","modified_gmt":"2023-07-24T13:54:50","slug":"seremi-de-justicia-y-dd-hh-destaco-valioso-aporte-del-registro-civil-en-su-139-aniversario","status":"publish","type":"post","link":"https:\/\/www.radiopresidenteibanez.cl\/web\/seremi-de-justicia-y-dd-hh-destaco-valioso-aporte-del-registro-civil-en-su-139-aniversario\/","title":{"rendered":"SEREMI DE JUSTICIA Y DD.HH. DESTAC\u00d3 VALIOSO APORTE DEL REGISTRO CIVIL EN SU 139\u00b0 ANIVERSARIO"},"content":{"rendered":"\n<p>Con la presencia de todos sus funcionarios y funcionarias, este jueves el Servicio de Registro Civil e Identificaci\u00f3n en Magallanes dio cabida en su direcci\u00f3n regional a la celebraci\u00f3n institucional de sus 139 a\u00f1os de vida, la cual fue encabezada por la Seremi de Justicia y Derechos Humanos, Michelle Peutat Alvarado, y el Director Regional (S) del servicio, Arturo Aranda Harambour, luego de una capacitaci\u00f3n virtual impartida desde la direcci\u00f3n nacional de esta instituci\u00f3n dependiente del Ministerio de Justicia y DD.HH.<\/p>\n\n\n\n<p>Michelle Peutat resalt\u00f3 la importante labor que efect\u00faa el Registro Civil, expresando su satisfacci\u00f3n por poder acompa\u00f1ar a funcionarios y funcionarias en este mes aniversario, destacando su valioso aporte como servicio al acompa\u00f1ar a chilenos y chilenas en cada etapa de sus vidas. Asimismo, valor\u00f3 su constante participaci\u00f3n en las distintas actividades en terreno que les corresponde realizar a nivel de toda la regi\u00f3n, proporcionando siempre un servicio confiable, oportuno y cercano a la ciudadan\u00eda.<\/p>\n\n\n\n<p>Por su parte, Arturo Aranda indic\u00f3 que a nivel regional atienden en promedio a unas 300 personas diarias, lo que arroja un volumen de alrededor de 7 mil personas al mes, siendo los tr\u00e1mites de identificaci\u00f3n -c\u00e9dulas de identidad, pasaportes- y veh\u00edculos motorizados los m\u00e1s frecuentes.<\/p>\n\n\n\n<p>En cuanto a logros, realz\u00f3 la reciente adjudicaci\u00f3n de un proyecto en el Primer Concurso Nacional de Buenas Pr\u00e1cticas en Cuidados y G\u00e9nero, de su Unidad de G\u00e9nero, que los dotar\u00e1 de dos plataformas plegables y una silla especial alzadora para la atenci\u00f3n de su oficina m\u00f3vil. Esto, sumado a las obras de mejoramiento de sus oficinas regionales, en las cuales se cambi\u00f3 todo el sistema de calefacci\u00f3n de su edificio central, al reemplazar una de las calderas con todos sus sistemas y adem\u00e1s todo el circuito de aguas de calefacci\u00f3n en el primer piso.<\/p>\n\n\n\n<p>Asimismo, destac\u00f3 en estos 139 a\u00f1os el aporte de sus 42 funcionarios y funcionarias en toda la regi\u00f3n, siendo <em>\u201c<\/em>permanentemente bien evaluados por nuestras comunidades<em>\u201d<\/em>, toda vez que en el \u00cdndice de Satisfacci\u00f3n de Usuarios que se hace a nivel nacional por la cartera de Justicia, Magallanes se sit\u00faa siempre entre los primeros lugares por su manera de atender y espacios, amigables, de acuerdo a la percepci\u00f3n de las personas usuarias.&nbsp;<\/p>\n\n\n\n<p>Por otra parte, resalt\u00f3 que \u201ceste a\u00f1o llevamos m\u00e1s de 40 atenciones en terreno a distintos lugares de la regi\u00f3n, convocados por instituciones de gobierno o instituciones privadas, y pr\u00e1cticamente todos los d\u00edas hacen atenciones a domicilio a personas que tienen dificultad para acceder a las oficinas, as\u00ed que nuestra presencia afuera de las oficinas es permanente\u201d.<\/p>\n","protected":false},"excerpt":{"rendered":"<p>Con la presencia de todos sus funcionarios y funcionarias, este jueves el Servicio de Registro Civil e Identificaci\u00f3n en Magallanes dio cabida en su direcci\u00f3n regional a la celebraci\u00f3n institucional&#8230; <a class=\"read-more\" href=\"https:\/\/www.radiopresidenteibanez.cl\/web\/seremi-de-justicia-y-dd-hh-destaco-valioso-aporte-del-registro-civil-en-su-139-aniversario\/\">Leer m\u00e1s<\/a><\/p>\n","protected":false},"author":2,"featured_media":41468,"comment_status":"closed","ping_status":"closed","sticky":false,"template":"","format":"standard","meta":{"footnotes":""},"categories":[1],"tags":[],"class_list":["post-41467","post","type-post","status-publish","format-standard","has-post-thumbnail","hentry","category-cronica"],"_links":{"self":[{"href":"https:\/\/www.radiopresidenteibanez.cl\/web\/wp-json\/wp\/v2\/posts\/41467","targetHints":{"allow":["GET"]}}],"collection":[{"href":"https:\/\/www.radiopresidenteibanez.cl\/web\/wp-json\/wp\/v2\/posts"}],"about":[{"href":"https:\/\/www.radiopresidenteibanez.cl\/web\/wp-json\/wp\/v2\/types\/post"}],"author":[{"embeddable":true,"href":"https:\/\/www.radiopresidenteibanez.cl\/web\/wp-json\/wp\/v2\/users\/2"}],"replies":[{"embeddable":true,"href":"https:\/\/www.radiopresidenteibanez.cl\/web\/wp-json\/wp\/v2\/comments?post=41467"}],"version-history":[{"count":0,"href":"https:\/\/www.radiopresidenteibanez.cl\/web\/wp-json\/wp\/v2\/posts\/41467\/revisions"}],"wp:featuredmedia":[{"embeddable":true,"href":"https:\/\/www.radiopresidenteibanez.cl\/web\/wp-json\/wp\/v2\/media\/41468"}],"wp:attachment":[{"href":"https:\/\/www.radiopresidenteibanez.cl\/web\/wp-json\/wp\/v2\/media?parent=41467"}],"wp:term":[{"taxonomy":"category","embeddable":true,"href":"https:\/\/www.radiopresidenteibanez.cl\/web\/wp-json\/wp\/v2\/categories?post=41467"},{"taxonomy":"post_tag","embeddable":true,"href":"https:\/\/www.radiopresidenteibanez.cl\/web\/wp-json\/wp\/v2\/tags?post=41467"}],"curies":[{"name":"wp","href":"https:\/\/api.w.org\/{rel}","templated":true}]}}