{"id":4146,"date":"2019-05-13T13:01:02","date_gmt":"2019-05-13T13:01:02","guid":{"rendered":"http:\/\/www.radiopresidenteibanez.cl\/web\/?p=4146"},"modified":"2019-05-13T13:01:29","modified_gmt":"2019-05-13T13:01:29","slug":"diversas-actividades-realizara-conaf-para-celebrar-los-60-anos-del-parque-nacional-torres-del-paine","status":"publish","type":"post","link":"https:\/\/www.radiopresidenteibanez.cl\/web\/diversas-actividades-realizara-conaf-para-celebrar-los-60-anos-del-parque-nacional-torres-del-paine\/","title":{"rendered":"DIVERSAS ACTIVIDADES REALIZAR\u00c1 CONAF PARA CELEBRAR LOS 60 A\u00d1OS DEL PARQUE NACIONAL TORRES DEL PAINE"},"content":{"rendered":"\n<p>Con una serie de actividades oficiales, culturales y de car\u00e1cter social, la Corporaci\u00f3n Nacional Forestal en Magallanes celebrar\u00e1 las seis d\u00e9cadas del Parque Nacional Torres del Paine que se cumplen este lunes 13 de mayo cuando fue creada en 1959 por el Estado de Chile.<\/p>\n\n\n\n<p>Coincidiendo la celebraci\u00f3n con los 49 a\u00f1os que cumple la propia CONAF este 13 de mayo, a nivel regional se dar\u00e1 el puntapi\u00e9 inicial a la conmemoraci\u00f3n este lunes a las 11 hrs. en la sala Terra Australis de la Universidad de Magallanes, con una jornada denominada \u201cRelatos, 60 a\u00f1os del Parque Nacional Torres del Paine\u201d y donde personalidades del mundo de la investigaci\u00f3n junto a guardaparques hist\u00f3ricos de los primeros a\u00f1os del Parque, dar\u00e1n a conocer hitos y an\u00e9cdotas que dieron forma a una de las \u00e1reas silvestres protegidas m\u00e1s emblem\u00e1ticas de Chile.<\/p>\n\n\n\n<p>El mismo d\u00eda a las 15:00 hrs. se realizar\u00e1 en el Auditorio del Edificio del Agro, sexto piso, una jornada de presentaci\u00f3n de producciones audiovisuales poco conocidas por el p\u00fablico magall\u00e1nico. En primer lugar, se exhibir\u00e1n dos microrreportajes extranjeros que presentan a las Torres del Paine, antes de que sea Parque Nacional y cuando se proyectaban que tal vez alg\u00fan d\u00eda se convertir\u00eda en un importante centro tur\u00edstico. Posteriormente, se realizar\u00e1 el estreno oficial del documental \u201cSelva, regreso al para\u00edso\u201d sobre una de las familias pioneras que habitaron Torres del Paine en tiempos de la ganader\u00eda.<\/p>\n\n\n\n<p>El d\u00eda martes 14 de mayo, en Puerto Natales, se realizar\u00e1 una intervenci\u00f3n&nbsp; urbana en el centro de la ciudad, donde se&nbsp; har\u00e1 entrega de plantas, as\u00ed como tambi\u00e9n de material informativo sobre el Parque Nacional Torres del Paine y las \u00e1reas silvestres protegidas de la regi\u00f3n.<\/p>\n\n\n\n<p>El d\u00eda mi\u00e9rcoles 15, CONAF ha organizado una actividad social con&nbsp; ni\u00f1os y j\u00f3venes del Centro de Rehabilitaci\u00f3n Club de Leones Cruz del Sur y sus familiares que consiste en una navegaci\u00f3n por el sector del Glaciar Grey en el Parque Nacional Torres del Paine. El mismo d\u00eda, pero en Punta Arenas, se inaugurar\u00e1 a las 11:30 hrs. una exposici\u00f3n fotogr\u00e1fica denominada \u201cMirada de guardaparque, 60 a\u00f1os del Parque Nacional Torres del Paine\u201d que consiste en fotos registradas por trabajadores y trabajadoras del Parque de este ecosistema natural. Adem\u00e1s, esta actividad se replicar\u00e1 en la ciudad de Puerto Natales durante el d\u00eda viernes 17 de mayo.<\/p>\n\n\n\n<p>El d\u00eda jueves 16, las actividades de celebraci\u00f3n concluir\u00e1n con una jornada campestre de los funcionarios y funcionarias de CONAF, adem\u00e1s de compartir una cena institucional durante la jornada de la noche.\u00a0<\/p>\n\n\n\n<figure class=\"wp-block-image\"><img loading=\"lazy\" decoding=\"async\" width=\"1024\" height=\"1024\" src=\"https:\/\/www.radiopresidenteibanez.cl\/web\/wp-content\/uploads\/2019\/05\/MIRADA-DE-GUARDAPARQUE-60-A\u00d1OS-1024x1024.jpg\" alt=\"\" class=\"wp-image-4147\" srcset=\"https:\/\/www.radiopresidenteibanez.cl\/web\/wp-content\/uploads\/2019\/05\/MIRADA-DE-GUARDAPARQUE-60-A\u00d1OS-1024x1024.jpg 1024w, https:\/\/www.radiopresidenteibanez.cl\/web\/wp-content\/uploads\/2019\/05\/MIRADA-DE-GUARDAPARQUE-60-A\u00d1OS-150x150.jpg 150w, https:\/\/www.radiopresidenteibanez.cl\/web\/wp-content\/uploads\/2019\/05\/MIRADA-DE-GUARDAPARQUE-60-A\u00d1OS-300x300.jpg 300w, https:\/\/www.radiopresidenteibanez.cl\/web\/wp-content\/uploads\/2019\/05\/MIRADA-DE-GUARDAPARQUE-60-A\u00d1OS-768x768.jpg 768w, https:\/\/www.radiopresidenteibanez.cl\/web\/wp-content\/uploads\/2019\/05\/MIRADA-DE-GUARDAPARQUE-60-A\u00d1OS.jpg 1200w\" sizes=\"auto, (max-width: 1024px) 100vw, 1024px\" \/><\/figure>\n","protected":false},"excerpt":{"rendered":"<p>Con una serie de actividades oficiales, culturales y de car\u00e1cter social, la Corporaci\u00f3n Nacional Forestal en Magallanes celebrar\u00e1 las seis d\u00e9cadas del Parque Nacional Torres del Paine que se cumplen&#8230; <a class=\"read-more\" href=\"https:\/\/www.radiopresidenteibanez.cl\/web\/diversas-actividades-realizara-conaf-para-celebrar-los-60-anos-del-parque-nacional-torres-del-paine\/\">Leer m\u00e1s<\/a><\/p>\n","protected":false},"author":2,"featured_media":4147,"comment_status":"closed","ping_status":"closed","sticky":false,"template":"","format":"standard","meta":{"footnotes":""},"categories":[1],"tags":[],"class_list":["post-4146","post","type-post","status-publish","format-standard","has-post-thumbnail","hentry","category-cronica"],"_links":{"self":[{"href":"https:\/\/www.radiopresidenteibanez.cl\/web\/wp-json\/wp\/v2\/posts\/4146","targetHints":{"allow":["GET"]}}],"collection":[{"href":"https:\/\/www.radiopresidenteibanez.cl\/web\/wp-json\/wp\/v2\/posts"}],"about":[{"href":"https:\/\/www.radiopresidenteibanez.cl\/web\/wp-json\/wp\/v2\/types\/post"}],"author":[{"embeddable":true,"href":"https:\/\/www.radiopresidenteibanez.cl\/web\/wp-json\/wp\/v2\/users\/2"}],"replies":[{"embeddable":true,"href":"https:\/\/www.radiopresidenteibanez.cl\/web\/wp-json\/wp\/v2\/comments?post=4146"}],"version-history":[{"count":0,"href":"https:\/\/www.radiopresidenteibanez.cl\/web\/wp-json\/wp\/v2\/posts\/4146\/revisions"}],"wp:featuredmedia":[{"embeddable":true,"href":"https:\/\/www.radiopresidenteibanez.cl\/web\/wp-json\/wp\/v2\/media\/4147"}],"wp:attachment":[{"href":"https:\/\/www.radiopresidenteibanez.cl\/web\/wp-json\/wp\/v2\/media?parent=4146"}],"wp:term":[{"taxonomy":"category","embeddable":true,"href":"https:\/\/www.radiopresidenteibanez.cl\/web\/wp-json\/wp\/v2\/categories?post=4146"},{"taxonomy":"post_tag","embeddable":true,"href":"https:\/\/www.radiopresidenteibanez.cl\/web\/wp-json\/wp\/v2\/tags?post=4146"}],"curies":[{"name":"wp","href":"https:\/\/api.w.org\/{rel}","templated":true}]}}