{"id":4143,"date":"2019-05-13T12:57:40","date_gmt":"2019-05-13T12:57:40","guid":{"rendered":"http:\/\/www.radiopresidenteibanez.cl\/web\/?p=4143"},"modified":"2019-05-13T12:58:19","modified_gmt":"2019-05-13T12:58:19","slug":"empresa-de-tierra-del-fuego-regalo-una-manito-de-gato-a-parque-infantil-en-porvenir","status":"publish","type":"post","link":"https:\/\/www.radiopresidenteibanez.cl\/web\/empresa-de-tierra-del-fuego-regalo-una-manito-de-gato-a-parque-infantil-en-porvenir\/","title":{"rendered":"EMPRESA DE TIERRA DEL FUEGO REGAL\u00d3 UNA \u201cMANITO DE GATO\u201d A PARQUE INFANTIL EN PORVENIR"},"content":{"rendered":"\n<p>Durante marzo de 2019, la empresa Bakkavor Chile S.A., integrante de la Asociaci\u00f3n Gremial de Industriales de Tierra del Fuego y Navarino, junto a su personal de planta, realizaron la mantenci\u00f3n de los Juegos al parque infantil \u201cLos Sapitos\u201d, ubicado en calle Bulnes, en la ciudad de Porvenir.<\/p>\n\n\n\n<p>El trabajo realizado consisti\u00f3 en realizar una limpieza respecto a la basura, retiro de pasto y aplicar pintura a los juegos infantiles. El objetivo es fomentar el uso, cuidado y beneficio de los espacios de entretenimiento amigables, limpios y seguros para nuestros ni\u00f1os y sus familias, expres\u00f3 M\u00f3nica C\u00e1rdenas Castro, representante de Bakkavor Chile.Cabe destacar que esta es una m\u00e1s de las iniciativas sociales que esta firma ha desarrollado en la provincia, apoyando a instituciones c\u00f3mo Bomberos, pero con especial \u00e9nfasis en los espacios e iniciativas que apunten a beneficiar a los ni\u00f1os y ni\u00f1as de Porvenir.<\/p>\n\n\n\n<figure class=\"wp-block-image\"><img loading=\"lazy\" decoding=\"async\" width=\"900\" height=\"600\" src=\"https:\/\/www.radiopresidenteibanez.cl\/web\/wp-content\/uploads\/2019\/05\/2019-05-11-bakkavor-parque-ni\u00f1os-1.jpg\" alt=\"\" class=\"wp-image-4144\" srcset=\"https:\/\/www.radiopresidenteibanez.cl\/web\/wp-content\/uploads\/2019\/05\/2019-05-11-bakkavor-parque-ni\u00f1os-1.jpg 900w, https:\/\/www.radiopresidenteibanez.cl\/web\/wp-content\/uploads\/2019\/05\/2019-05-11-bakkavor-parque-ni\u00f1os-1-300x200.jpg 300w, https:\/\/www.radiopresidenteibanez.cl\/web\/wp-content\/uploads\/2019\/05\/2019-05-11-bakkavor-parque-ni\u00f1os-1-768x512.jpg 768w\" sizes=\"auto, (max-width: 900px) 100vw, 900px\" \/><\/figure>\n","protected":false},"excerpt":{"rendered":"<p>Durante marzo de 2019, la empresa Bakkavor Chile S.A., integrante de la Asociaci\u00f3n Gremial de Industriales de Tierra del Fuego y Navarino, junto a su personal de planta, realizaron la&#8230; <a class=\"read-more\" href=\"https:\/\/www.radiopresidenteibanez.cl\/web\/empresa-de-tierra-del-fuego-regalo-una-manito-de-gato-a-parque-infantil-en-porvenir\/\">Leer m\u00e1s<\/a><\/p>\n","protected":false},"author":2,"featured_media":4144,"comment_status":"closed","ping_status":"closed","sticky":false,"template":"","format":"standard","meta":{"footnotes":""},"categories":[1],"tags":[],"class_list":["post-4143","post","type-post","status-publish","format-standard","has-post-thumbnail","hentry","category-cronica"],"_links":{"self":[{"href":"https:\/\/www.radiopresidenteibanez.cl\/web\/wp-json\/wp\/v2\/posts\/4143","targetHints":{"allow":["GET"]}}],"collection":[{"href":"https:\/\/www.radiopresidenteibanez.cl\/web\/wp-json\/wp\/v2\/posts"}],"about":[{"href":"https:\/\/www.radiopresidenteibanez.cl\/web\/wp-json\/wp\/v2\/types\/post"}],"author":[{"embeddable":true,"href":"https:\/\/www.radiopresidenteibanez.cl\/web\/wp-json\/wp\/v2\/users\/2"}],"replies":[{"embeddable":true,"href":"https:\/\/www.radiopresidenteibanez.cl\/web\/wp-json\/wp\/v2\/comments?post=4143"}],"version-history":[{"count":0,"href":"https:\/\/www.radiopresidenteibanez.cl\/web\/wp-json\/wp\/v2\/posts\/4143\/revisions"}],"wp:featuredmedia":[{"embeddable":true,"href":"https:\/\/www.radiopresidenteibanez.cl\/web\/wp-json\/wp\/v2\/media\/4144"}],"wp:attachment":[{"href":"https:\/\/www.radiopresidenteibanez.cl\/web\/wp-json\/wp\/v2\/media?parent=4143"}],"wp:term":[{"taxonomy":"category","embeddable":true,"href":"https:\/\/www.radiopresidenteibanez.cl\/web\/wp-json\/wp\/v2\/categories?post=4143"},{"taxonomy":"post_tag","embeddable":true,"href":"https:\/\/www.radiopresidenteibanez.cl\/web\/wp-json\/wp\/v2\/tags?post=4143"}],"curies":[{"name":"wp","href":"https:\/\/api.w.org\/{rel}","templated":true}]}}