{"id":4140,"date":"2019-05-13T12:51:35","date_gmt":"2019-05-13T12:51:35","guid":{"rendered":"http:\/\/www.radiopresidenteibanez.cl\/web\/?p=4140"},"modified":"2019-05-13T12:52:10","modified_gmt":"2019-05-13T12:52:10","slug":"pdi-detuvo-a-un-hombre-acusado-de-violar-a-sus-hijos","status":"publish","type":"post","link":"https:\/\/www.radiopresidenteibanez.cl\/web\/pdi-detuvo-a-un-hombre-acusado-de-violar-a-sus-hijos\/","title":{"rendered":"PDI DETUVO A UN HOMBRE ACUSADO DE VIOLAR A SUS HIJOS"},"content":{"rendered":"\n<p>En Punta Arenas fue detenido por\ndetectives de la Brigada Investigadora de Delitos Sexuales, un hombre de 44\na\u00f1os, imputado por los delitos de violaci\u00f3n y abuso sexual en contra de sus\ntres hijos biol\u00f3gicos. <\/p>\n\n\n\n<p>La tarde del viernes 10 de mayo, durante\nla audiencia de formalizaci\u00f3n de cargos en el Juzgado de Garant\u00eda de Punta\nArenas, se entregaron detalles de los hechos que habr\u00edan ocurrido entre los\na\u00f1os 2012 y 2014 y que estaban siendo investigados por la PDI. El imputado\naprovechaba cuando se quedaba a solas con sus hijos; una ni\u00f1a y un ni\u00f1o, (mellizos\nde 7 a\u00f1os) y un ni\u00f1o que actualmente tiene 11, para violentarlos sexualmente. <\/p>\n\n\n\n<p>El hombre fue formalizado por los delitos de violaci\u00f3n \u00a0y abuso sexual reiterado y qued\u00f3 en prisi\u00f3n preventiva durante los 90 d\u00edas que se fijaron como plazo para la investigaci\u00f3n. <\/p>\n\n\n\n<figure class=\"wp-block-image\"><img loading=\"lazy\" decoding=\"async\" width=\"900\" height=\"597\" src=\"https:\/\/www.radiopresidenteibanez.cl\/web\/wp-content\/uploads\/2019\/05\/pdi3.jpg\" alt=\"\" class=\"wp-image-4141\" srcset=\"https:\/\/www.radiopresidenteibanez.cl\/web\/wp-content\/uploads\/2019\/05\/pdi3.jpg 900w, https:\/\/www.radiopresidenteibanez.cl\/web\/wp-content\/uploads\/2019\/05\/pdi3-300x199.jpg 300w, https:\/\/www.radiopresidenteibanez.cl\/web\/wp-content\/uploads\/2019\/05\/pdi3-768x509.jpg 768w\" sizes=\"auto, (max-width: 900px) 100vw, 900px\" \/><\/figure>\n","protected":false},"excerpt":{"rendered":"<p>En Punta Arenas fue detenido por detectives de la Brigada Investigadora de Delitos Sexuales, un hombre de 44 a\u00f1os, imputado por los delitos de violaci\u00f3n y abuso sexual en contra&#8230; <a class=\"read-more\" href=\"https:\/\/www.radiopresidenteibanez.cl\/web\/pdi-detuvo-a-un-hombre-acusado-de-violar-a-sus-hijos\/\">Leer m\u00e1s<\/a><\/p>\n","protected":false},"author":2,"featured_media":4141,"comment_status":"closed","ping_status":"closed","sticky":false,"template":"","format":"standard","meta":{"footnotes":""},"categories":[1],"tags":[],"class_list":["post-4140","post","type-post","status-publish","format-standard","has-post-thumbnail","hentry","category-cronica"],"_links":{"self":[{"href":"https:\/\/www.radiopresidenteibanez.cl\/web\/wp-json\/wp\/v2\/posts\/4140","targetHints":{"allow":["GET"]}}],"collection":[{"href":"https:\/\/www.radiopresidenteibanez.cl\/web\/wp-json\/wp\/v2\/posts"}],"about":[{"href":"https:\/\/www.radiopresidenteibanez.cl\/web\/wp-json\/wp\/v2\/types\/post"}],"author":[{"embeddable":true,"href":"https:\/\/www.radiopresidenteibanez.cl\/web\/wp-json\/wp\/v2\/users\/2"}],"replies":[{"embeddable":true,"href":"https:\/\/www.radiopresidenteibanez.cl\/web\/wp-json\/wp\/v2\/comments?post=4140"}],"version-history":[{"count":0,"href":"https:\/\/www.radiopresidenteibanez.cl\/web\/wp-json\/wp\/v2\/posts\/4140\/revisions"}],"wp:featuredmedia":[{"embeddable":true,"href":"https:\/\/www.radiopresidenteibanez.cl\/web\/wp-json\/wp\/v2\/media\/4141"}],"wp:attachment":[{"href":"https:\/\/www.radiopresidenteibanez.cl\/web\/wp-json\/wp\/v2\/media?parent=4140"}],"wp:term":[{"taxonomy":"category","embeddable":true,"href":"https:\/\/www.radiopresidenteibanez.cl\/web\/wp-json\/wp\/v2\/categories?post=4140"},{"taxonomy":"post_tag","embeddable":true,"href":"https:\/\/www.radiopresidenteibanez.cl\/web\/wp-json\/wp\/v2\/tags?post=4140"}],"curies":[{"name":"wp","href":"https:\/\/api.w.org\/{rel}","templated":true}]}}