{"id":41398,"date":"2023-07-22T17:17:00","date_gmt":"2023-07-22T20:17:00","guid":{"rendered":"https:\/\/www.radiopresidenteibanez.cl\/web\/?p=41398"},"modified":"2023-07-22T13:45:03","modified_gmt":"2023-07-22T16:45:03","slug":"obra-alto-bulnes-iii-recibe-sello-pro-por-sus-practicas-sostenibles","status":"publish","type":"post","link":"https:\/\/www.radiopresidenteibanez.cl\/web\/obra-alto-bulnes-iii-recibe-sello-pro-por-sus-practicas-sostenibles\/","title":{"rendered":"Obra Alto Bulnes III recibe Sello PRO por sus pr\u00e1cticas sostenibles"},"content":{"rendered":"\n<p>La C\u00e1mara Chilena de la Construcci\u00f3n (CChC) entreg\u00f3 a la obra Alto Bulnes III de Desarrollos Constructivos AXIS el Sello PRO, el camino que el gremio ha puesto a disposici\u00f3n de las empresas del sector para lograr una industria m\u00e1s sostenible.<\/p>\n\n\n\n<p>El Presidente de la CChC Punta Arenas, Omar Vargas, felicit\u00f3 a la AXIS D.C. y asegur\u00f3 que \u201cel Compromiso PRO, con el Sello PRO, marca un cambio positivo en nuestra industria. El Sello PRO es una herramienta de acompa\u00f1amiento para que empresas de la construcci\u00f3n puedan avanzar y que sean cada d\u00eda m\u00e1s sostenibles. Felicitamos a AXIS por su proactividad y por ser una empresa constructora l\u00edder en la sostenibilidad en Magallanes, porque ya tienen dos obras selladas en la regi\u00f3n y van por el Sello PRO Empresa. Estoy convencido que sus esfuerzos, sus iniciativas, motivar\u00e1n a otras constructoras a sumarse al Sello PRO en Magallanes\u201d.<\/p>\n\n\n\n<p>Postular al Sello PRO es voluntario para aquellas empresas y obras que quieran elevar sus est\u00e1ndares, con el objetivo de incorporar la sostenibilidad como un pilar importante en la estrategia del negocio. El Sello PRO eval\u00faa una obra o una empresa en 7 \u00e1reas: Cadena de Valor, Medio Ambiente, Gobernanza, Trabajadores, Comunidad, Seguridad y Salud Laboral e Innovaci\u00f3n Productividad.<\/p>\n\n\n\n<p>La obra Alto Bulnes III de AXIS DC., que consta de la construcci\u00f3n de 86 casas, obtuvo un promedio final de 4,2 estrellas, de las 5 m\u00e1ximas, ubic\u00e1ndose en el est\u00e1ndar alto de sostenibilidad, dado que fue posible verificar la existencia de medidas concretas y observables&nbsp;en diecis\u00e9is criterios. La obra destaca en los pilares Seguridad y Salud Laboral (5), Comunidad (4,3) y Trabajadores (4,3).<\/p>\n\n\n\n<p>Alejandro Caldera, gerente visitador de AXIS D.C., se\u00f1al\u00f3 que \u201cpara nosotros es un orgullo haber recibido el Sello PRO por parte de la C\u00e1mara Chilena de la Construcci\u00f3n. Es una coronaci\u00f3n a todo el esfuerzo que hacemos permanentemente en nuestra relaci\u00f3n con la sociedad, el medio ambiente, los vecinos y con todo nuestro equipo de trabajo. Como AXIS tenemos un programa para el tratamiento de residuos, el reaprovechamiento de todos los materiales que utilizamos en la obra, lo que nos permite generar mucho menos residuos que el promedio de las constructoras. Adem\u00e1s, tenemos una importante reducci\u00f3n en nuestra tasa de accidentabilidad y siniestralidad\u201d.<\/p>\n\n\n\n<p>As\u00ed, el Plan de Gesti\u00f3n de Residuos (PDR Plan Reaxiona) que se ejecuta en Alto Bulnes III de AXIS D.C. permite la revalorizaci\u00f3n del 27% de residuos en la obra, tales como fierro, madera, cart\u00f3n, alfombra, metalcon, poliestireno y pl\u00e1stico. Adem\u00e1s, la obra cont\u00f3 con un taller de prefabricaci\u00f3n de metalcon para reducir el ruido ambiental y mejorar sus procesos de industrializaci\u00f3n.<\/p>\n\n\n\n<p>Otro punto a favor de la obra ubicada en el sector norte de Punta Arenas es la realizaci\u00f3n de acciones tendientes a generar una cultura de sostenibilidad entre sus trabajadores.<\/p>\n\n\n\n<p>\u201cEsto fue un trabajo de largo aliento: en el diagn\u00f3stico tuvimos un puntaje de 3,4, pero gracias al acompa\u00f1amiento de la C\u00e1mara, del Sello PRO, alcanzamos un total de 4,2 al final del proceso. Dentro de las buenas pr\u00e1cticas, hicimos un&nbsp;Concurso de Reciclaje para incentivar a los trabajadores y trabajadoras a gestionar los residuos, tanto de la obra como tambi\u00e9n en&nbsp;sus hogares. Ellos tra\u00edan botellas pl\u00e1sticas de sus domicilios y tambi\u00e9n segregaban cartones que se generaban en la obra. La instancia fue muy buena, con gran participaci\u00f3n de los trabajadores, por lo que pudimos promover el buen manejo de los residuos y el reciclaje\u201d, resalt\u00f3 Carolina Soto, prevencionista de riesgos de la obra Alto Bulnes III.<\/p>\n\n\n\n<p>Alto Bulnes es la segunda obra de AXIS en Magallanes que recibe el Sello PRO, dado que anteriormente la obra Costanera de Puerto Natales tambi\u00e9n obtuvo este reconocimiento. En tanto, AXIS ya est\u00e1 en el camino para obtener el Sello PRO en categor\u00eda empresa a nivel nacional.&nbsp;<\/p>\n","protected":false},"excerpt":{"rendered":"<p>La C\u00e1mara Chilena de la Construcci\u00f3n (CChC) entreg\u00f3 a la obra Alto Bulnes III de Desarrollos Constructivos AXIS el Sello PRO, el camino que el gremio ha puesto a disposici\u00f3n&#8230; <a class=\"read-more\" href=\"https:\/\/www.radiopresidenteibanez.cl\/web\/obra-alto-bulnes-iii-recibe-sello-pro-por-sus-practicas-sostenibles\/\">Leer m\u00e1s<\/a><\/p>\n","protected":false},"author":2,"featured_media":41399,"comment_status":"closed","ping_status":"closed","sticky":false,"template":"","format":"standard","meta":{"footnotes":""},"categories":[1],"tags":[],"class_list":["post-41398","post","type-post","status-publish","format-standard","has-post-thumbnail","hentry","category-cronica"],"_links":{"self":[{"href":"https:\/\/www.radiopresidenteibanez.cl\/web\/wp-json\/wp\/v2\/posts\/41398","targetHints":{"allow":["GET"]}}],"collection":[{"href":"https:\/\/www.radiopresidenteibanez.cl\/web\/wp-json\/wp\/v2\/posts"}],"about":[{"href":"https:\/\/www.radiopresidenteibanez.cl\/web\/wp-json\/wp\/v2\/types\/post"}],"author":[{"embeddable":true,"href":"https:\/\/www.radiopresidenteibanez.cl\/web\/wp-json\/wp\/v2\/users\/2"}],"replies":[{"embeddable":true,"href":"https:\/\/www.radiopresidenteibanez.cl\/web\/wp-json\/wp\/v2\/comments?post=41398"}],"version-history":[{"count":0,"href":"https:\/\/www.radiopresidenteibanez.cl\/web\/wp-json\/wp\/v2\/posts\/41398\/revisions"}],"wp:featuredmedia":[{"embeddable":true,"href":"https:\/\/www.radiopresidenteibanez.cl\/web\/wp-json\/wp\/v2\/media\/41399"}],"wp:attachment":[{"href":"https:\/\/www.radiopresidenteibanez.cl\/web\/wp-json\/wp\/v2\/media?parent=41398"}],"wp:term":[{"taxonomy":"category","embeddable":true,"href":"https:\/\/www.radiopresidenteibanez.cl\/web\/wp-json\/wp\/v2\/categories?post=41398"},{"taxonomy":"post_tag","embeddable":true,"href":"https:\/\/www.radiopresidenteibanez.cl\/web\/wp-json\/wp\/v2\/tags?post=41398"}],"curies":[{"name":"wp","href":"https:\/\/api.w.org\/{rel}","templated":true}]}}