{"id":41392,"date":"2023-07-22T13:39:45","date_gmt":"2023-07-22T16:39:45","guid":{"rendered":"https:\/\/www.radiopresidenteibanez.cl\/web\/?p=41392"},"modified":"2023-07-22T13:39:51","modified_gmt":"2023-07-22T16:39:51","slug":"grupo-intergeneracional-de-mujeres-se-certifico-en-programa-mujeres-derechos-sexuales-y-reproductivos","status":"publish","type":"post","link":"https:\/\/www.radiopresidenteibanez.cl\/web\/grupo-intergeneracional-de-mujeres-se-certifico-en-programa-mujeres-derechos-sexuales-y-reproductivos\/","title":{"rendered":"Grupo intergeneracional de mujeres se certific\u00f3 en programa Mujeres derechos sexuales y reproductivos"},"content":{"rendered":"\n<p>Un total de 30 mujeres, en representaci\u00f3n de 80 que<br>participaron en el taller, fueron certificadas por el&nbsp;Programa Mujeres,&nbsp;derechos sexuales y<br>reproductivos, que tiene como objetivo contribuir a la concientizaci\u00f3n y promoci\u00f3n de los<br>derechos sexuales y reproductivos, desde la base del g\u00e9nero y los derechos humanos.<br>Con la presencia de la Directora nacional de Sernameg, el Delegado Presidencial Regional, la<br>Seremi de la Mujer (s) y la Directora regional de Sernameg, se llev\u00f3 a cabo esta instancia que cierra<br>un proceso e inicia otros hacia el conocimiento y crecimiento de mujeres de nuestro territorio.<br>Fue una ceremonia sencilla y emotiva, sobre todo cuando lleg\u00f3 el turno de certificar a las mujeres<br>mayores del establecimiento de Larga Estad\u00eda, ELEAM Cristina Calder\u00f3n, quienes de manos de la<br>Directora Nacional de Sernameg y del Delegado Presidencial Regional recibieron sus certificados,<br>con alegr\u00eda, traspasando a todos y todas las presentes la alegr\u00eda.<br>La Directora Nacional de Sernameg, Priscilla Carrasco Pizarro, quien en su visita a Punta Arenas,<br>tuvo distintas instancias de encuentro con mujeres, emprendedoras, autoridades regionales,<br>fortaleciendo el trabajo en la regi\u00f3n, expres\u00f3 su satisfacci\u00f3n por esta actividad, explicando que \u201ces<br>la certificaci\u00f3n de un programa donde participaron mujeres de distintas edades para abordar sus<br>derechos sexuales y reproductivos y de esa forma obtener toda la informaci\u00f3n que todas las<br>mujeres, de distintas edades y de todo el territorio nacional, debemos tener para poder tomar<br>decisiones, para ser preventivos en algunos \u00e1mbitos, cuestiones que tienen que ver con gesti\u00f3n<br>menstrual, con enfermedades de transmisi\u00f3n sexual y con el ejercicio de nuestros derechos en esa<br>materia, donde no hay l\u00edmites de edad\u201d.<br>El escaso nivel de conocimientos en salud sexual y reproductiva con enfoque de g\u00e9nero y derechos<br>es un factor de riesgo y tiene un efecto negativo en las personas, exponi\u00e9ndolas a un aumento de<br>iniciaci\u00f3n sexual a temprana edad, relaciones sexuales sin consentimiento y\/o sin protecci\u00f3n,<br>embarazos no planificados, adquisici\u00f3n de infecciones de transmisi\u00f3n sexual y de g\u00e9nero, c\u00e1ncer<br>de mamas y\/o cervicouterino y desinformaci\u00f3n sobre salud menstrual.<br>El Delegado Presidencial Regional, Jos\u00e9 Ruiz Pivcevic, manifest\u00f3 que \u201cComo Delegaci\u00f3n estamos<br>muy contentos de ejecutar este programa con el Servicio de la Mujer y Equidad de G\u00e9nero, porque<br>hay mucho desconocimiento en general en la sociedad sobre la salud sexual y por lo mismo, es<br>sumamente importante estar conscientes de los derechos que tenemos todas las personas,<br>particularmente las mujeres, de decidir, de manera libre e informada sobre la vida sexual y<br>reproductiva, por tanto no me queda m\u00e1s que agradecer a todas las mujeres que hicieron posible<br>este programa. Esta es la primera parte, se vendr\u00e1n m\u00e1s y como Delegaci\u00f3n seguiremos apoyando<br>en esta materia\u201d.<\/p>\n\n\n\n<p>El Programa Mujeres, Derechos Sexuales y Reproductivos, a trav\u00e9s de su modelo de intervenci\u00f3n,<br>busca promover la autonom\u00eda f\u00edsica, a trav\u00e9s de la entrega de informaci\u00f3n y herramientas en salud<br>sexual y mejorando el acceso a estos servicios.<br>Entre las participantes, Kimberly Hecheleiner, relata su vivencia, indicando que \u201cFue una<br>experiencia s\u00faper enriquecedora porque tuve la oportunidad de compartir con otras mujeres de<br>diferentes edades, profesiones, oficios, y todas ten\u00edamos la necesidad de ahondar la tem\u00e1tica de<br>nuestros derechos sexuales y reproductivos. Esto nos da la posibilidad de decisi\u00f3n y buscar formas<br>en c\u00f3mo cuidarnos\u201d.<br>Este primer semestre de 2023, el programa ha avanzado de manera presencial y online, siendo<br>esto una oportunidad para que m\u00e1s personas puedan adquirir conocimientos en esta materia.<br>\u201cUno aprende muchas cosas que no sab\u00eda, que cuando \u00e9ramos ni\u00f1as no se hablaban, y eso<br>provoc\u00f3 que muchas de nosotras sinti\u00e9ramos verg\u00fcenza de conversar sobre sexualidad, nuestros<br>cuerpos, etc\u00e9tera, pero estos talleres nos entregan mucha informaci\u00f3n relevante para que<br>tomemos nuestras propias decisiones y para que podamos educar a nuestros hijos. Nunca es tarde<br>para aprender\u201d, Johanna Ruiz.<br>Finalmente, la Directora regional, indic\u00f3 la importancia de la intenci\u00f3n del Programa de llegar a<br>muchas mujeres: \u201cnuestra intenci\u00f3n como Programa, a trav\u00e9s de la Delegaci\u00f3n, que es nuestro<br>ejecutor, es poder llegar a todas las localidades de la regi\u00f3n, v\u00eda remota, pero tambi\u00e9n nosotras de<br>manera presencial, coordinar con los distintos actores de los territorios para llegar con esta oferta.<br>Hoy d\u00eda estamos muy contentas, porque vimos en la certificaci\u00f3n c\u00f3mo hubo una conexi\u00f3n<br>intergeneracional, donde mujeres mayores tambi\u00e9n fueron part\u00edcipes de estos programas, que no<br>solo son para las m\u00e1s j\u00f3venes, son para la diversidad de mujeres en t\u00e9rminos de edad, as\u00ed es que<br>felices de poder entregar este programa donde se trabajan los derechos sexuales, reproductivos y<br>no reproductivos de las mujeres de la regi\u00f3n\u201d.<\/p>\n","protected":false},"excerpt":{"rendered":"<p>Un total de 30 mujeres, en representaci\u00f3n de 80 queparticiparon en el taller, fueron certificadas por el&nbsp;Programa Mujeres,&nbsp;derechos sexuales yreproductivos, que tiene como objetivo contribuir a la concientizaci\u00f3n y promoci\u00f3n&#8230; <a class=\"read-more\" href=\"https:\/\/www.radiopresidenteibanez.cl\/web\/grupo-intergeneracional-de-mujeres-se-certifico-en-programa-mujeres-derechos-sexuales-y-reproductivos\/\">Leer m\u00e1s<\/a><\/p>\n","protected":false},"author":2,"featured_media":41393,"comment_status":"closed","ping_status":"closed","sticky":false,"template":"","format":"standard","meta":{"footnotes":""},"categories":[1],"tags":[],"class_list":["post-41392","post","type-post","status-publish","format-standard","has-post-thumbnail","hentry","category-cronica"],"_links":{"self":[{"href":"https:\/\/www.radiopresidenteibanez.cl\/web\/wp-json\/wp\/v2\/posts\/41392","targetHints":{"allow":["GET"]}}],"collection":[{"href":"https:\/\/www.radiopresidenteibanez.cl\/web\/wp-json\/wp\/v2\/posts"}],"about":[{"href":"https:\/\/www.radiopresidenteibanez.cl\/web\/wp-json\/wp\/v2\/types\/post"}],"author":[{"embeddable":true,"href":"https:\/\/www.radiopresidenteibanez.cl\/web\/wp-json\/wp\/v2\/users\/2"}],"replies":[{"embeddable":true,"href":"https:\/\/www.radiopresidenteibanez.cl\/web\/wp-json\/wp\/v2\/comments?post=41392"}],"version-history":[{"count":0,"href":"https:\/\/www.radiopresidenteibanez.cl\/web\/wp-json\/wp\/v2\/posts\/41392\/revisions"}],"wp:featuredmedia":[{"embeddable":true,"href":"https:\/\/www.radiopresidenteibanez.cl\/web\/wp-json\/wp\/v2\/media\/41393"}],"wp:attachment":[{"href":"https:\/\/www.radiopresidenteibanez.cl\/web\/wp-json\/wp\/v2\/media?parent=41392"}],"wp:term":[{"taxonomy":"category","embeddable":true,"href":"https:\/\/www.radiopresidenteibanez.cl\/web\/wp-json\/wp\/v2\/categories?post=41392"},{"taxonomy":"post_tag","embeddable":true,"href":"https:\/\/www.radiopresidenteibanez.cl\/web\/wp-json\/wp\/v2\/tags?post=41392"}],"curies":[{"name":"wp","href":"https:\/\/api.w.org\/{rel}","templated":true}]}}