{"id":41384,"date":"2023-07-21T10:19:35","date_gmt":"2023-07-21T13:19:35","guid":{"rendered":"https:\/\/www.radiopresidenteibanez.cl\/web\/?p=41384"},"modified":"2023-07-21T10:19:41","modified_gmt":"2023-07-21T13:19:41","slug":"informativo-matinal-orbe-10","status":"publish","type":"post","link":"https:\/\/www.radiopresidenteibanez.cl\/web\/informativo-matinal-orbe-10\/","title":{"rendered":"INFORMATIVO MATINAL ORBE"},"content":{"rendered":"\n<p>&nbsp;El vocero de la Fiscal\u00eda Centro Norte, Emanuel<br>Ibaceta, inform\u00f3 que personal del OS9 de Carabineros detuvo a<br>una mujer por su participaci\u00f3n en el robo de los 23 notebooks<br>y una caja fuerte en dependencias del Ministerio de<br>Desarrollo Social\u00bb. Esto, tras diligencias realizadas en la<br>comuna de Renca que lograron recuperar los computadores<br>sustra\u00eddos.<\/p>\n\n\n\n<p>SANTIAGO.- En tanto, el coronel Jaime Velasco, jefe OS9 de<br>Carabineros, agreg\u00f3 que \u00abcon una coordinaci\u00f3n previa entre el<br>Ministerio P\u00fablico se efectuaron diversas diligencias que<br>llegaron a determinar l\u00edneas investigativas, que<br>establecieron un veh\u00edculo, un m\u00f3vil de aplicaci\u00f3n que nos<br>llev\u00f3 al lugar\u00bb. Adem\u00e1s, confirm\u00f3 la \u00abparticipaci\u00f3n de una<br>mujer, que ten\u00eda en su poder los computadores\u00bb.<\/p>\n\n\n\n<p>SANTIAGO.- Se trata de Elena Cecilia Rojas Crespo, chilena,<br>de 60 a\u00f1os, quien no particip\u00f3 en el robo en s\u00ed, pero s\u00ed \u00absu<br>rol espec\u00edfico fue recepcionar esas especies producto del<br>robo\u00bb. Rojas Crespo, quien ten\u00eda dentro de un carro los 23<br>notebooks robados, tiene antecedentes relacionados con robos<br>y con infracciones a la ley de drogas, y ser\u00e1 formalizada<br>este viernes por receptaci\u00f3n. En tanto, las primeras<br>diligencias indican que el robo se tratar\u00eda de un \u00abcuento del<br>t\u00edo\u00bb.<\/p>\n\n\n\n<p>SANTIAGO.- Adem\u00e1s, el coronel Velasco detall\u00f3 que \u00abla<br>informaci\u00f3n preliminar es que los computadores estar\u00edan<br>\u00edntegros, no tendr\u00edan da\u00f1os ni otras situaciones con<br>observaciones\u00bb. Sobre la caja fuerte, detall\u00f3 que \u00abse est\u00e1n<br>realizando pericias y viendo la participaci\u00f3n de un segundo<br>m\u00f3vil\u00bb, precis\u00f3 el uniformado.<\/p>\n\n\n\n<p>CONCEPCION.- Previamente, el ministro de Desarrollo Social,<br>Giorgio Jackson, pidi\u00f3 que no se haga un \u00abaprovechamiento<br>pol\u00edtico\u00bb sobre el robo que afect\u00f3 a dependencias, y anunci\u00f3<br>una querella por suplantaci\u00f3n de identidad. Desde Concepci\u00f3n,<br>sostuvo que \u00abno es com\u00fan, no es normal que se ingrese a un<br>ministerio de noche haciendo suplantaci\u00f3n de identidad del<br>ministro, en este caso de mi persona\u00bb.<\/p>\n\n\n\n<p>SANTIAGO.- Por su parte, el Ministerio de Desarrollo Social y<br>Familia conden\u00f3 el robo en sus dependencias \u00abas\u00ed como<br>cualquier acci\u00f3n que busque impedir el correcto y seguro<br>desempe\u00f1o de las labores que diariamente realizan<br>funcionarios y funcionarias, que van en directo apoyo a las<br>personas m\u00e1s vulnerables del pa\u00eds\u00bb. En una declaraci\u00f3n<br>p\u00fablica, se\u00f1al\u00f3 que \u00abvemos necesario aclarar que se trata de<br>un robo de computadores y de una caja fuerte, pero no de<br>informaci\u00f3n sensible\u00bb.<\/p>\n\n\n\n<p>SANTIAGO.- Adem\u00e1s, afirm\u00f3 que la cartera \u00abdispone de medidas<br>de seguridad para el resguardo de la informaci\u00f3n y sus<br>servidores cuentan con pol\u00edticas de respaldo y almacenamiento<br>que garantizan la confidencialidad de los datos\u00bb. Adem\u00e1s,<br>aclar\u00f3 que el \u00abincidente no implica retrasos en la entrega de<br>beneficios y prestaciones\u00bb. Tambi\u00e9n precis\u00f3 que \u00abestaremos a<br>disposici\u00f3n de entregar todos los antecedentes y aportar en<br>las investigaciones que se realizan\u00bb, cerr\u00f3.<\/p>\n\n\n\n<p>SANTIAGO.- El subsecretario de Prevenci\u00f3n del Delito, Eduardo<br>Vergara, anunci\u00f3 que se aplicaron sanciones a la empresa a<br>cargo de la seguridad del Ministerio de Desarrollo Social,<br>que sufri\u00f3 el robo de 23 computadores y una caja fuerte.<br>Adem\u00e1s, la autoridad indic\u00f3 que \u00abse levantan las hip\u00f3tesis<br>investigativas para determinar si existi\u00f3 primero complicidad<br>en cuanto a la entrega de informaci\u00f3n a las personas que se<br>encontraban en el edificio\u00bb.<\/p>\n\n\n\n<p>SANTIAGO.- A la vez, Vergara revel\u00f3 que personal de<br>Carabineros \u00abrealiz\u00f3 una fiscalizaci\u00f3n al trabajo de<br>seguridad privada, y se arroj\u00f3 el hecho que se cursaron<br>ciertas multas a las empresas de seguridad privada. Ten\u00edan<br>unos cursos pendientes y por eso mismo quisimos efectuar esta<br>tarea de forma inmediata\u00bb.<\/p>\n\n\n\n<p>VALPARAISO.- El senador socialista, Fidel Espinoza, lanz\u00f3<br>duras cr\u00edticas al ministro de Desarrollo Social, Giorgio<br>Jackson, tras el robo sufrido en el organismo, acus\u00e1ndolo de<br>ser encabezar una \u00abred de sinverg\u00fcenzas que ya perdieron el<br>pudor\u00bb. V\u00eda Twitter, el parlamentario record\u00f3 que \u00abya lo<br>hab\u00edamos dicho: si no se apuran en incautar computadores<br>desde la Fiscal\u00eda ocurrir\u00eda esto\u00bb.<\/p>\n\n\n\n<p>VALPARAISO.- Espinoza apunt\u00f3 a Jackson, recoge TVN, \u00aberes el<br>l\u00edder de la banda, y te lo digo sin tapujos y sin miedos a<br>tus amenazas a que me calle que me has hecho llegar\u00bb,<br>asever\u00f3. Igualmente, inst\u00f3 al Presidente Gabriel Boric a<br>hacer un cambio de gabinete para sacar del Gobierno \u00aba esta<br>tropa de sinverg\u00fcenzas. \u00abSi usted no saca a esta tropa de<br>sinverg\u00fcenzas que tiene a su alrededor, su Gobierno se<br>desploma\u00bb, a\u00f1adi\u00f3.<\/p>\n","protected":false},"excerpt":{"rendered":"<p>&nbsp;El vocero de la Fiscal\u00eda Centro Norte, EmanuelIbaceta, inform\u00f3 que personal del OS9 de Carabineros detuvo auna mujer por su participaci\u00f3n en el robo de los 23 notebooksy una caja&#8230; <a class=\"read-more\" href=\"https:\/\/www.radiopresidenteibanez.cl\/web\/informativo-matinal-orbe-10\/\">Leer m\u00e1s<\/a><\/p>\n","protected":false},"author":2,"featured_media":41385,"comment_status":"closed","ping_status":"closed","sticky":false,"template":"","format":"standard","meta":{"footnotes":""},"categories":[1],"tags":[],"class_list":["post-41384","post","type-post","status-publish","format-standard","has-post-thumbnail","hentry","category-cronica"],"_links":{"self":[{"href":"https:\/\/www.radiopresidenteibanez.cl\/web\/wp-json\/wp\/v2\/posts\/41384","targetHints":{"allow":["GET"]}}],"collection":[{"href":"https:\/\/www.radiopresidenteibanez.cl\/web\/wp-json\/wp\/v2\/posts"}],"about":[{"href":"https:\/\/www.radiopresidenteibanez.cl\/web\/wp-json\/wp\/v2\/types\/post"}],"author":[{"embeddable":true,"href":"https:\/\/www.radiopresidenteibanez.cl\/web\/wp-json\/wp\/v2\/users\/2"}],"replies":[{"embeddable":true,"href":"https:\/\/www.radiopresidenteibanez.cl\/web\/wp-json\/wp\/v2\/comments?post=41384"}],"version-history":[{"count":0,"href":"https:\/\/www.radiopresidenteibanez.cl\/web\/wp-json\/wp\/v2\/posts\/41384\/revisions"}],"wp:featuredmedia":[{"embeddable":true,"href":"https:\/\/www.radiopresidenteibanez.cl\/web\/wp-json\/wp\/v2\/media\/41385"}],"wp:attachment":[{"href":"https:\/\/www.radiopresidenteibanez.cl\/web\/wp-json\/wp\/v2\/media?parent=41384"}],"wp:term":[{"taxonomy":"category","embeddable":true,"href":"https:\/\/www.radiopresidenteibanez.cl\/web\/wp-json\/wp\/v2\/categories?post=41384"},{"taxonomy":"post_tag","embeddable":true,"href":"https:\/\/www.radiopresidenteibanez.cl\/web\/wp-json\/wp\/v2\/tags?post=41384"}],"curies":[{"name":"wp","href":"https:\/\/api.w.org\/{rel}","templated":true}]}}