{"id":41375,"date":"2023-07-21T10:37:00","date_gmt":"2023-07-21T13:37:00","guid":{"rendered":"https:\/\/www.radiopresidenteibanez.cl\/web\/?p=41375"},"modified":"2023-07-21T08:38:09","modified_gmt":"2023-07-21T11:38:09","slug":"la-educacion-es-el-tema-mineduc-convoca-a-la-ciudadania-a-participar-del-congreso-pedagogico-y-curricular","status":"publish","type":"post","link":"https:\/\/www.radiopresidenteibanez.cl\/web\/la-educacion-es-el-tema-mineduc-convoca-a-la-ciudadania-a-participar-del-congreso-pedagogico-y-curricular\/","title":{"rendered":"LA EDUCACION ES EL TEMA: MINEDUC CONVOCA A LA CIUDADANIA A PARTICIPAR DEL CONGRESO PEDAGOGICO Y CURRICULAR"},"content":{"rendered":"\n<p>&nbsp;Bajo el lema&nbsp;<strong>\u201cLa educaci\u00f3n es el tema\u201d<\/strong>, el Ministerio de Educaci\u00f3n convoca a la ciudadan\u00eda a participar del Congreso Pedag\u00f3gico y Curricular,un proceso que busca promover el di\u00e1logo en las comunidades educativas y la ciudadan\u00eda en general, para identificar los principales acuerdos sobre la educaci\u00f3n que queremos y necesitamos como pa\u00eds, en el marco de la reactivaci\u00f3n educativa y los desaf\u00edos del mundo actual.&nbsp;&nbsp;<\/p>\n\n\n\n<p>\u201cLa reactivaci\u00f3n educativa hace urgente y necesario que reflexionemos y dialoguemos sobre el sentido de la educaci\u00f3n en el Chile actual, y sobre c\u00f3mo estamos preparando hoy a las y los estudiantes para los desaf\u00edos del futuro\u201d, dice el ministro de Educaci\u00f3n, Marco Antonio \u00c1vila, quien se\u00f1ala que, por este motivo, \u201cdesde el Ministerio de Educaci\u00f3n estamos haciendo una invitaci\u00f3n muy importante a todas las comunidades educativas del pa\u00eds -docentes, directivos, trabajadores de la educaci\u00f3n, estudiantes, padres, madres y apoderados- a ser parte de un proceso amplio y participativo para hablar sobre curr\u00edculum, pedagog\u00eda y educaci\u00f3n. Porque hoy&nbsp;<strong>la educaci\u00f3n es y debe ser el tema\u201d.&nbsp;<\/strong><\/p>\n\n\n\n<p>El Congreso, que se realizar\u00e1 durante todo el mes de agosto en conjunto con la Oficina Regional de Educaci\u00f3n para Am\u00e9rica Latina y el Caribe de la UNESCO (OREALC), es un proceso participativo que aportar\u00e1 a la actualizaci\u00f3n del curr\u00edculum nacional de primero b\u00e1sico a segundo a\u00f1o medio. Este es uno de los compromisos asumidos por el gobierno y uno de los ejes de la gesti\u00f3n del Ministerio de Educaci\u00f3n. Por esta raz\u00f3n, y a modo de recoger las inquietudes y sugerencias de las comunidades educativas y de la ciudadan\u00eda, se entiende como un proceso abierto, transparente y participativo para que todos y todas puedan ser parte de esta necesaria y urgente conversaci\u00f3n.&nbsp;<\/p>\n\n\n\n<p>Para su desarrollo, se han incorporado diferentes temas a discutir, los que abordan:<strong>&nbsp;\u00bfQu\u00e9 aprender? para dialogar sobre Curr\u00edculum Nacional<\/strong>,&nbsp;<strong>\u00bfC\u00f3mo aprender? para reflexionar sobre pedagog\u00eda&nbsp;<\/strong>y&nbsp;<strong>\u00bfCu\u00e1ndo y d\u00f3nde aprender? para conversar sobre ambientes para el Aprendizaje.<\/strong>&nbsp;&nbsp;<\/p>\n\n\n\n<p>El Congreso contempla tres formas de participaci\u00f3n, que se encuentran detalladas en el sitio&nbsp;<a href=\"https:\/\/congresopedagogico.mineduc.cl\/\" target=\"_blank\" rel=\"noreferrer noopener\">https:\/\/congresopedagogico.mineduc.cl\/<\/a>:&nbsp;&nbsp;<\/p>\n\n\n\n<ul class=\"wp-block-list\">\n<li>Los&nbsp;<strong>Encuentros en Comunidades Educativas<\/strong>, donde se realizar\u00e1n grupos de di\u00e1logo junto aestudiantes, docentes, asistentes de la educaci\u00f3n, apoderados\/as, directivos\/as, sostenedores\/as, y toda la comunidad educativa en general. Este proceso contempla los niveles desde prek\u00ednder hasta cuarto a\u00f1o medio, cuyo desarrollo ser\u00e1 apoyado con gu\u00edas metodol\u00f3gicas de acuerdo a cada segmento, las que ser\u00e1n enviadas desde el Mineduc y se dispondr\u00e1n en el sitio. Estos encuentros se desarrollar\u00e1n entre el 1 y 31 de agosto.&nbsp;<\/li>\n\n\n\n<li>Los&nbsp;<strong>Encuentros de la Sociedad Civil,<\/strong>&nbsp;donde se espera que diversas organizaciones, asociaciones o grupos de personas interesadas puedan dialogar y dar a conocer su opini\u00f3n.&nbsp;Durante el mes de agosto el Mineduc convocar\u00e1 a organizaciones de la sociedad civil que aportan al desarrollo de la educaci\u00f3n (como facultades de educaci\u00f3n, centros de estudiantes de pedagog\u00eda, centros de investigaci\u00f3n, sector productivo, organizaciones de trabajadores de la educaci\u00f3n, entre otros). Asimismo, toda organizaci\u00f3n que desee participar podr\u00e1 gestionar un encuentro y luego informar lo conversado mediante los formularios que estar\u00e1n disponibles en el sitio del congreso.&nbsp;&nbsp;&nbsp;<\/li>\n\n\n\n<li>Una&nbsp;<strong>Consulta Online&nbsp;<\/strong>que estar\u00e1 disponible durante el mes de agostopara quienes decidan participar de manera individualrespondiendo unformulario en la&nbsp;p\u00e1gina web&nbsp;<a href=\"https:\/\/congresopedagogico.mineduc.cl\/\" target=\"_blank\" rel=\"noreferrer noopener\">https:\/\/congresopedagogico.mineduc.cl\/<\/a>, donde podr\u00e1n encontrar todos los insumos para participar.&nbsp;&nbsp;<\/li>\n<\/ul>\n\n\n\n<p>Una vez que el Mineduc tenga los resultados de este proceso participativo, y en conjunto con otras evidencias t\u00e9cnicas, se desarrollar\u00e1 una propuesta de curr\u00edculum actualizado. Posteriormente, se realizar\u00e1 un Consulta P\u00fablica para que la ciudadan\u00eda pueda retroalimentarla y ser presentada finalmente al&nbsp;<strong>Consejo Nacional de Educaci\u00f3n (CNED)<\/strong>, organismo aut\u00f3nomo que tiene, entre sus atribuciones, la de revisar, aprobar y observar la propuesta curricular construida por el Ministerio de Educaci\u00f3n.&nbsp;<\/p>\n\n\n\n<p>La subsecretaria de Educaci\u00f3n, Alejandra Arratia, explic\u00f3 que \u201ceste es un proceso muy importante para el pa\u00eds, que nos lleva a la conversaci\u00f3n respecto a los sentidos y prop\u00f3sitos formativos de la educaci\u00f3n. A 10 a\u00f1os de la entrada en vigencia del actual curr\u00edculum, y a la luz de lo que hemos vivido en estos a\u00f1os de pandemia, resulta fundamental promover un di\u00e1logo amplio, que involucre a todos los actores, para retroalimentar la actualizaci\u00f3n de las definiciones curriculares de nuestro pa\u00eds, teniendo siempre presente el principio de equidad que las sustenta\u201d.&nbsp;&nbsp;<\/p>\n\n\n\n<p>La invitaci\u00f3n es a generar di\u00e1logos respetuosos y fruct\u00edferos, que incluya a una diversidad de actores y miradas de nuestra sociedad. Si bien existir\u00e1n acuerdos y desacuerdos como en todo di\u00e1logo, el resultado de este proceso, sin duda, contribuir\u00e1 a fortalecer la democracia y la educaci\u00f3n del pa\u00eds.&nbsp;<\/p>\n","protected":false},"excerpt":{"rendered":"<p>&nbsp;Bajo el lema&nbsp;\u201cLa educaci\u00f3n es el tema\u201d, el Ministerio de Educaci\u00f3n convoca a la ciudadan\u00eda a participar del Congreso Pedag\u00f3gico y Curricular,un proceso que busca promover el di\u00e1logo en las&#8230; <a class=\"read-more\" href=\"https:\/\/www.radiopresidenteibanez.cl\/web\/la-educacion-es-el-tema-mineduc-convoca-a-la-ciudadania-a-participar-del-congreso-pedagogico-y-curricular\/\">Leer m\u00e1s<\/a><\/p>\n","protected":false},"author":2,"featured_media":41376,"comment_status":"closed","ping_status":"closed","sticky":false,"template":"","format":"standard","meta":{"footnotes":""},"categories":[1],"tags":[],"class_list":["post-41375","post","type-post","status-publish","format-standard","has-post-thumbnail","hentry","category-cronica"],"_links":{"self":[{"href":"https:\/\/www.radiopresidenteibanez.cl\/web\/wp-json\/wp\/v2\/posts\/41375","targetHints":{"allow":["GET"]}}],"collection":[{"href":"https:\/\/www.radiopresidenteibanez.cl\/web\/wp-json\/wp\/v2\/posts"}],"about":[{"href":"https:\/\/www.radiopresidenteibanez.cl\/web\/wp-json\/wp\/v2\/types\/post"}],"author":[{"embeddable":true,"href":"https:\/\/www.radiopresidenteibanez.cl\/web\/wp-json\/wp\/v2\/users\/2"}],"replies":[{"embeddable":true,"href":"https:\/\/www.radiopresidenteibanez.cl\/web\/wp-json\/wp\/v2\/comments?post=41375"}],"version-history":[{"count":0,"href":"https:\/\/www.radiopresidenteibanez.cl\/web\/wp-json\/wp\/v2\/posts\/41375\/revisions"}],"wp:featuredmedia":[{"embeddable":true,"href":"https:\/\/www.radiopresidenteibanez.cl\/web\/wp-json\/wp\/v2\/media\/41376"}],"wp:attachment":[{"href":"https:\/\/www.radiopresidenteibanez.cl\/web\/wp-json\/wp\/v2\/media?parent=41375"}],"wp:term":[{"taxonomy":"category","embeddable":true,"href":"https:\/\/www.radiopresidenteibanez.cl\/web\/wp-json\/wp\/v2\/categories?post=41375"},{"taxonomy":"post_tag","embeddable":true,"href":"https:\/\/www.radiopresidenteibanez.cl\/web\/wp-json\/wp\/v2\/tags?post=41375"}],"curies":[{"name":"wp","href":"https:\/\/api.w.org\/{rel}","templated":true}]}}