{"id":4137,"date":"2019-05-13T12:47:58","date_gmt":"2019-05-13T12:47:58","guid":{"rendered":"http:\/\/www.radiopresidenteibanez.cl\/web\/?p=4137"},"modified":"2019-05-13T12:48:11","modified_gmt":"2019-05-13T12:48:11","slug":"trabajo-del-mop-subsecretaria-de-turismo-y-la-dgac-mejoras-en-aerodromo-de-puerto-natales-permitiran-la-llegada-de-mas-lineas-aereas-a-la-zona","status":"publish","type":"post","link":"https:\/\/www.radiopresidenteibanez.cl\/web\/trabajo-del-mop-subsecretaria-de-turismo-y-la-dgac-mejoras-en-aerodromo-de-puerto-natales-permitiran-la-llegada-de-mas-lineas-aereas-a-la-zona\/","title":{"rendered":"TRABAJO DEL MOP, SUBSECRETAR\u00cdA DE TURISMO Y LA DGAC: MEJORAS EN AER\u00d3DROMO DE PUERTO NATALES PERMITIR\u00c1N LA LLEGADA DE M\u00c1S L\u00cdNEAS A\u00c9REAS A LA ZONA"},"content":{"rendered":"\n<p>Como una gran noticia, que beneficiar\u00e1 a los\nhabitantes de Puerto Natales, a los empresarios tur\u00edsticos de la zona y a\nquienes visitan los destinos que ofrece la regi\u00f3n de Magallanes, calificaron\nlos subsecretarios M\u00f3nica Zalaquett, de Turismo; y Lucas Palacios, del\nMinisterio de Obras P\u00fablicas, las mejoras que se realizar\u00e1n en el aer\u00f3dromo de\nPuerto Natales y que posibilitar\u00e1n la llegada de m\u00e1s vuelos comerciales a la\nzona. <\/p>\n\n\n\n<p>El anuncio llega luego de cuatro meses de trabajo,\nimpulsados con especial fuerza por la Subsecretar\u00eda de Turismo, que lider\u00f3 la\nserie de reuniones que contaron con la participaci\u00f3n del gobierno central, los\ngobiernos locales, aerol\u00edneas, firmas distribuidoras de combustible y las\nc\u00e1maras de turismo de la zona. <\/p>\n\n\n\n<p>Hasta ahora, la \u00fanica l\u00ednea a\u00e9rea que opera el tramo\nSantiago-Puerto Natales es Latam, durante el per\u00edodo que se extiende entre\nnoviembre y mediados de marzo. Esto, por la dificultad que representa para las\nempresas la recarga de combustible, que implica realizar escalas intermedias o\nbien restringir la ocupaci\u00f3n de pasajeros a un 68% para dejar asientos\nliberados que permitan transportarlo.<\/p>\n\n\n\n<p>La construcci\u00f3n de estanques de almacenamiento de\ncombustible en el Teniente Julio Gallardo, sumado al compromiso del MOP de\nmejorar tambi\u00e9n la pista de aterrizaje del aer\u00f3dromo, permitir\u00e1 que se sumen\nvuelos de Jetsmart y de Sky Airlines. <\/p>\n\n\n\n<p>\u201cEstamos muy contentos, porque el trabajo conjunto\nda grandes resultados. Es una gran noticia, tanto para los habitantes de Puerto\nNatales como para los turistas que quieren visitar la regi\u00f3n y su principal\natractivo, las Torres del Paine. Esto significar\u00e1 m\u00e1s alternativas, menos\ntiempo y, por supuesto, una ventana de posibilidades de desarrollo econ\u00f3mico y\nsocial con la potencial llegada de m\u00e1s turistas\u201d, explic\u00f3 la subsecretaria de\nTurismo, M\u00f3nica Zalaquett. <\/p>\n\n\n\n<p>Por su parte, el subsecretario del MOP, Lucas\nPalacios, destac\u00f3 que \u201ceste es el gobierno de los aeropuertos y uno muy\nimportante a potenciar es, precisamente, el de Puerto Natales. Esta es una\nciudad que debe transformarse en un foco de desarrollo tur\u00edstico y productivo.\nEstamos detonando las inversiones y el c\u00edrculo virtuoso que significa la\nllegada de m\u00e1s vuelos comerciales en forma permanente\u201d. <\/p>\n\n\n\n<p><strong>Combustible y\npista de aterrizaje <\/strong><\/p>\n\n\n\n<p>Seg\u00fan explicaron las autoridades, a mediados de mayo\nde este a\u00f1o se iniciar\u00edan las obras de construcci\u00f3n de las instalaciones\nnecesarias para el almacenamiento de combustible. Se trata de estanques,\noficinas y losa para los veh\u00edculos de transporte, entre otras estructuras. Los\ntrabajos, a trav\u00e9s de un convenio efectuado por la DGAC, estar\u00e1n a cargo de la\nempresa Transpetrol, firma local que tambi\u00e9n tendr\u00e1 la concesi\u00f3n de la\nexplotaci\u00f3n del suministro de combustible por un per\u00edodo de 18 a\u00f1os, durante\nlos cuales invertir\u00e1 una cifra de $600 millones. Se espera el inicio de las\noperaciones para el segundo semestre de este a\u00f1o. <\/p>\n\n\n\n<p>Adem\u00e1s, existe un compromiso del MOP de mejorar la estructura de pavimento de la pista de aterrizaje, para que puedan operar aeronaves comerciales con un factor de ocupaci\u00f3n del 100% de los pasajeros.\u00a0 En ese punto espec\u00edfico, la Direcci\u00f3n de Aeropuertos ya se encuentra en proceso de licitaci\u00f3n de un estudio de diagn\u00f3stico que analizar\u00e1 los elementos de mejora requeridos tanto en el aeropuerto de Puerto Natales como en otros de la zona sur del pa\u00eds. <\/p>\n\n\n\n<figure class=\"wp-block-image\"><img loading=\"lazy\" decoding=\"async\" width=\"800\" height=\"529\" src=\"https:\/\/www.radiopresidenteibanez.cl\/web\/wp-content\/uploads\/2019\/05\/foto_0000000120181229102015.jpg\" alt=\"\" class=\"wp-image-4138\" srcset=\"https:\/\/www.radiopresidenteibanez.cl\/web\/wp-content\/uploads\/2019\/05\/foto_0000000120181229102015.jpg 800w, https:\/\/www.radiopresidenteibanez.cl\/web\/wp-content\/uploads\/2019\/05\/foto_0000000120181229102015-300x198.jpg 300w, https:\/\/www.radiopresidenteibanez.cl\/web\/wp-content\/uploads\/2019\/05\/foto_0000000120181229102015-768x508.jpg 768w\" sizes=\"auto, (max-width: 800px) 100vw, 800px\" \/><\/figure>\n","protected":false},"excerpt":{"rendered":"<p>Como una gran noticia, que beneficiar\u00e1 a los habitantes de Puerto Natales, a los empresarios tur\u00edsticos de la zona y a quienes visitan los destinos que ofrece la regi\u00f3n de&#8230; <a class=\"read-more\" href=\"https:\/\/www.radiopresidenteibanez.cl\/web\/trabajo-del-mop-subsecretaria-de-turismo-y-la-dgac-mejoras-en-aerodromo-de-puerto-natales-permitiran-la-llegada-de-mas-lineas-aereas-a-la-zona\/\">Leer m\u00e1s<\/a><\/p>\n","protected":false},"author":2,"featured_media":4138,"comment_status":"closed","ping_status":"closed","sticky":false,"template":"","format":"standard","meta":{"footnotes":""},"categories":[1],"tags":[],"class_list":["post-4137","post","type-post","status-publish","format-standard","has-post-thumbnail","hentry","category-cronica"],"_links":{"self":[{"href":"https:\/\/www.radiopresidenteibanez.cl\/web\/wp-json\/wp\/v2\/posts\/4137","targetHints":{"allow":["GET"]}}],"collection":[{"href":"https:\/\/www.radiopresidenteibanez.cl\/web\/wp-json\/wp\/v2\/posts"}],"about":[{"href":"https:\/\/www.radiopresidenteibanez.cl\/web\/wp-json\/wp\/v2\/types\/post"}],"author":[{"embeddable":true,"href":"https:\/\/www.radiopresidenteibanez.cl\/web\/wp-json\/wp\/v2\/users\/2"}],"replies":[{"embeddable":true,"href":"https:\/\/www.radiopresidenteibanez.cl\/web\/wp-json\/wp\/v2\/comments?post=4137"}],"version-history":[{"count":0,"href":"https:\/\/www.radiopresidenteibanez.cl\/web\/wp-json\/wp\/v2\/posts\/4137\/revisions"}],"wp:featuredmedia":[{"embeddable":true,"href":"https:\/\/www.radiopresidenteibanez.cl\/web\/wp-json\/wp\/v2\/media\/4138"}],"wp:attachment":[{"href":"https:\/\/www.radiopresidenteibanez.cl\/web\/wp-json\/wp\/v2\/media?parent=4137"}],"wp:term":[{"taxonomy":"category","embeddable":true,"href":"https:\/\/www.radiopresidenteibanez.cl\/web\/wp-json\/wp\/v2\/categories?post=4137"},{"taxonomy":"post_tag","embeddable":true,"href":"https:\/\/www.radiopresidenteibanez.cl\/web\/wp-json\/wp\/v2\/tags?post=4137"}],"curies":[{"name":"wp","href":"https:\/\/api.w.org\/{rel}","templated":true}]}}