{"id":4134,"date":"2019-05-13T12:42:03","date_gmt":"2019-05-13T12:42:03","guid":{"rendered":"http:\/\/www.radiopresidenteibanez.cl\/web\/?p=4134"},"modified":"2019-05-13T12:42:35","modified_gmt":"2019-05-13T12:42:35","slug":"cormupa-implementa-diversas-acciones-en-el-liceo-luis-alberto-barrera-para-evitar-nuevas-situaciones-de-acoso","status":"publish","type":"post","link":"https:\/\/www.radiopresidenteibanez.cl\/web\/cormupa-implementa-diversas-acciones-en-el-liceo-luis-alberto-barrera-para-evitar-nuevas-situaciones-de-acoso\/","title":{"rendered":"CORMUPA IMPLEMENTA DIVERSAS ACCIONES EN EL LICEO LUIS ALBERTO BARRERA PARA EVITAR NUEVAS SITUACIONES DE ACOSO"},"content":{"rendered":"\n<p>En una reuni\u00f3n sostenida entre el alcalde Claudio Radonich y representantes del Centro de Padres del Liceo Luis Alberto Barrera se expusieron todos los antecedentes con que cuenta hasta hoy, sobre las denuncias de acoso sexual que recaen sobre un funcionario del establecimiento educacional, informado de las acciones a seguir para que este tipo de hechos no vuelvan a ocurrir.<\/p>\n\n\n\n<p>En el encuentro que se prolong\u00f3 por cerca de dos horas, asistieron el director del establecimiento educacional Jos\u00e9 Mart\u00ednez, en el encargado del \u00c1rea Educaci\u00f3n de la Cormupa, Cristian Reveco y la Presidenta del Centro de Padres Ver\u00f3nica Toledo.<\/p>\n\n\n\n<p>El alcalde Claudio Radonich, agradeci\u00f3 la disposici\u00f3n de los apoderados en busca de soluciones conjuntas, puntualizando que ya se tomaron varias medidas concretas como la presentaci\u00f3n de los antecedentes a Fiscal\u00eda el pasado viernes, una vez recibida la denuncia, adem\u00e1s del hecho que el funcionario cuestionado, sea apartado de sus funciones habituales desde este lunes. \u201cHemos iniciado un sumario administrativo, a ra\u00edz de que en la reuni\u00f3n de profesores y asistentes de educaci\u00f3n realizada el viernes, se inform\u00f3 que hubo una denuncia de abusos presentadas por dos profesoras al director del liceo de la \u00e9poca (2016), no quedando registro de ello ni en el liceo ni en la Cormupa de la carta enviada por las docentes, antecedentes que no fueron presentados ante los organismos correspondientes como la Fiscal\u00eda\u201d.<\/p>\n\n\n\n<p>El edil, agreg\u00f3 que se le solicito a la PDI periciar el computador que utilizaba el funcionario en cuesti\u00f3n, material que ser\u00e1 entregado ma\u00f1ana. A esto se sumar\u00e1 la labor conjunta que iniciar\u00e1 Investigaciones y la Cormupa, cruzando informaci\u00f3n para detectar si otros funcionarios de la Corporaci\u00f3n que est\u00e1n vinculados a situaciones de acoso sexual o pedofilia.<\/p>\n\n\n\n<p>El alcalde se\u00f1al\u00f3 que se mandat\u00f3 a director del Liceo Luis Alberto Barrera y al personal del \u00c1rea de Atenci\u00f3n al Menor, entregar todas las facilidades para atender a los alumnos, profesores o asistentes que hayan sido afectados por esta situaci\u00f3n.<\/p>\n\n\n\n<p>Finalmente, la autoridad precis\u00f3 que junto con el Centro de Padres se continuar\u00e1n recibiendo denuncias si las hubieren. \u201cHace tres d\u00edas atr\u00e1s no ten\u00edamos ning\u00fan antecedente y hoy nos encontramos con denuncias de 2016, m\u00e1s las efectuadas la semana pasada. Entonces efectivamente podr\u00edan haber otras denuncias porque, a lo mejor, no se dieron las condiciones de confianza para otros alumnos o alumnas puedan denunciarlas. Es por eso que abrimos un canal de comunicaci\u00f3n seguro, donde se cautelen las identidades de los afectados, para que estos antecedentes puedan ser entregados a Fiscal\u00eda\u201d.\u00a0<\/p>\n\n\n\n<figure class=\"wp-block-image\"><img loading=\"lazy\" decoding=\"async\" width=\"600\" height=\"449\" src=\"http:\/\/www.radiopresidenteibanez.cl\/web\/wp-content\/uploads\/2019\/05\/descarga.jpg\" alt=\"\" class=\"wp-image-4104\" srcset=\"https:\/\/www.radiopresidenteibanez.cl\/web\/wp-content\/uploads\/2019\/05\/descarga.jpg 600w, https:\/\/www.radiopresidenteibanez.cl\/web\/wp-content\/uploads\/2019\/05\/descarga-300x225.jpg 300w\" sizes=\"auto, (max-width: 600px) 100vw, 600px\" \/><\/figure>\n","protected":false},"excerpt":{"rendered":"<p>En una reuni\u00f3n sostenida entre el alcalde Claudio Radonich y representantes del Centro de Padres del Liceo Luis Alberto Barrera se expusieron todos los antecedentes con que cuenta hasta hoy,&#8230; <a class=\"read-more\" href=\"https:\/\/www.radiopresidenteibanez.cl\/web\/cormupa-implementa-diversas-acciones-en-el-liceo-luis-alberto-barrera-para-evitar-nuevas-situaciones-de-acoso\/\">Leer m\u00e1s<\/a><\/p>\n","protected":false},"author":2,"featured_media":4104,"comment_status":"closed","ping_status":"closed","sticky":false,"template":"","format":"standard","meta":{"footnotes":""},"categories":[1],"tags":[],"class_list":["post-4134","post","type-post","status-publish","format-standard","has-post-thumbnail","hentry","category-cronica"],"_links":{"self":[{"href":"https:\/\/www.radiopresidenteibanez.cl\/web\/wp-json\/wp\/v2\/posts\/4134","targetHints":{"allow":["GET"]}}],"collection":[{"href":"https:\/\/www.radiopresidenteibanez.cl\/web\/wp-json\/wp\/v2\/posts"}],"about":[{"href":"https:\/\/www.radiopresidenteibanez.cl\/web\/wp-json\/wp\/v2\/types\/post"}],"author":[{"embeddable":true,"href":"https:\/\/www.radiopresidenteibanez.cl\/web\/wp-json\/wp\/v2\/users\/2"}],"replies":[{"embeddable":true,"href":"https:\/\/www.radiopresidenteibanez.cl\/web\/wp-json\/wp\/v2\/comments?post=4134"}],"version-history":[{"count":0,"href":"https:\/\/www.radiopresidenteibanez.cl\/web\/wp-json\/wp\/v2\/posts\/4134\/revisions"}],"wp:featuredmedia":[{"embeddable":true,"href":"https:\/\/www.radiopresidenteibanez.cl\/web\/wp-json\/wp\/v2\/media\/4104"}],"wp:attachment":[{"href":"https:\/\/www.radiopresidenteibanez.cl\/web\/wp-json\/wp\/v2\/media?parent=4134"}],"wp:term":[{"taxonomy":"category","embeddable":true,"href":"https:\/\/www.radiopresidenteibanez.cl\/web\/wp-json\/wp\/v2\/categories?post=4134"},{"taxonomy":"post_tag","embeddable":true,"href":"https:\/\/www.radiopresidenteibanez.cl\/web\/wp-json\/wp\/v2\/tags?post=4134"}],"curies":[{"name":"wp","href":"https:\/\/api.w.org\/{rel}","templated":true}]}}