{"id":41338,"date":"2023-07-20T09:32:00","date_gmt":"2023-07-20T12:32:00","guid":{"rendered":"https:\/\/www.radiopresidenteibanez.cl\/web\/?p=41338"},"modified":"2023-07-20T15:20:14","modified_gmt":"2023-07-20T18:20:14","slug":"el-neumatico-y-el-miguelin-el-combustible-fosforos-secos-y-el-aserrin-y-no-hay-que-olvidar-ni-descuidar-el-loro-que-avise-a-tiempo-canta-transporte-urbano","status":"publish","type":"post","link":"https:\/\/www.radiopresidenteibanez.cl\/web\/el-neumatico-y-el-miguelin-el-combustible-fosforos-secos-y-el-aserrin-y-no-hay-que-olvidar-ni-descuidar-el-loro-que-avise-a-tiempo-canta-transporte-urbano\/","title":{"rendered":"\u00ab..El neum\u00e1tico y el miguelin el combustible f\u00f3sforos secos y el aserr\u00edn y no hay que olvidar ni descuidar el loro que avise a tiempo..\u00bb canta Transp\u00f2rte Urbano"},"content":{"rendered":"\n<p>Los patrones son frescos, los gobiernos y los parlamentarios generalmente insuficientes, los trabajadores vegetan y no creen en las organizaciones, las que a su vez dan cada d\u00eda m\u00e1s muestras de estar sirviendo a cualquiera inter\u00e9s externo, menos a las demandas y exigencias de los trabajadores, pobladores y estudiantes, con alguna movilizaci\u00f3n de tanto en tanto pero derechamente sin incidir en el armado social. Esta es una resonancia nuclear magn\u00e9tica, al estado de la sociedad en las condiciones actuales y m\u00e1s all\u00e1 de las naturales y obvias apreciaciones distintas, todo parece indicar que estaremos a\u00fan bastante tiempo sin incidir en la marcha del pa\u00eds.<br>Antes del 1 de mayo el secretario general de la CUT anunci\u00f3 un acuerdo con los ministerios del Trabajo y Hacienda en el que adem\u00e1s del monto del ingreso m\u00ednimo se hablaba de flexibilizar los requisitos de acceso al seguro de cesant\u00eda y terminar con el descuento del aporte al seguro de cesant\u00eda que hace el patr\u00f3n en la indemnizaci\u00f3n.<br>No fue as\u00ed y de la mentada Central no dijeron ni p\u00edo cuando a principios de junio la ministra del trabajo, di\u00f3 cuenta del proyecto de ley que hace cambios en el seguro de cesant\u00eda, pero ni por si acaso habla de que no habr\u00e1 m\u00e1s descuento en las indemnizaciones.<br>Tambi\u00e9n en mayo los patrones pidieron al gobierno modificar las normas para la contrataci\u00f3n de trabajadores extranjeros, aunque solo para la agricultura. Nuevamente el silencio del movimiento sindical organizado da cuenta de la profunda lejan\u00eda, entre la c\u00fapula y los organizados y no organizados.<\/p>\n\n\n\n<p>2.- \u00bfQu\u00e9 dice la ley sobre lo anterior?, actualmente el art\u00edculo 19 dice en el inciso primero que a lo menos el 85% de los trabajadores que sirve a un mismo empleador ser\u00e1 de nacionalidad chilena (los patrones en la agricultura aspiran a que este suba al 30%)<br>Sin embargo, el inciso segundo establece que se except\u00faan de lo anterior los empleadores que ocupen a menos de 25 trabajadores. M\u00e1s del 90% de las empresas registradas en el pa\u00eds, son micro o peque\u00f1as empresas, o sea tienen entre 1 y 49 trabajadores.<br>Son miles las denuncias, imposibles de fiscalizar todas, que dan cuenta de contratistas y subcontratistas que incumplen la ley en la agricultura. Bueno, la mayor\u00eda de estas empresas ocupan menos de 25 trabajadores, en su mayor\u00eda extranjeros, a quienes les pagan sueldos miserables y les tratan como esclavos. \u00bfA\u00fan quieren m\u00e1s flexibilidad los patrones agrarios?<\/p>\n","protected":false},"excerpt":{"rendered":"<p>Los patrones son frescos, los gobiernos y los parlamentarios generalmente insuficientes, los trabajadores vegetan y no creen en las organizaciones, las que a su vez dan cada d\u00eda m\u00e1s muestras&#8230; <a class=\"read-more\" href=\"https:\/\/www.radiopresidenteibanez.cl\/web\/el-neumatico-y-el-miguelin-el-combustible-fosforos-secos-y-el-aserrin-y-no-hay-que-olvidar-ni-descuidar-el-loro-que-avise-a-tiempo-canta-transporte-urbano\/\">Leer m\u00e1s<\/a><\/p>\n","protected":false},"author":2,"featured_media":41368,"comment_status":"closed","ping_status":"closed","sticky":false,"template":"","format":"standard","meta":{"footnotes":""},"categories":[1],"tags":[],"class_list":["post-41338","post","type-post","status-publish","format-standard","has-post-thumbnail","hentry","category-cronica"],"_links":{"self":[{"href":"https:\/\/www.radiopresidenteibanez.cl\/web\/wp-json\/wp\/v2\/posts\/41338","targetHints":{"allow":["GET"]}}],"collection":[{"href":"https:\/\/www.radiopresidenteibanez.cl\/web\/wp-json\/wp\/v2\/posts"}],"about":[{"href":"https:\/\/www.radiopresidenteibanez.cl\/web\/wp-json\/wp\/v2\/types\/post"}],"author":[{"embeddable":true,"href":"https:\/\/www.radiopresidenteibanez.cl\/web\/wp-json\/wp\/v2\/users\/2"}],"replies":[{"embeddable":true,"href":"https:\/\/www.radiopresidenteibanez.cl\/web\/wp-json\/wp\/v2\/comments?post=41338"}],"version-history":[{"count":0,"href":"https:\/\/www.radiopresidenteibanez.cl\/web\/wp-json\/wp\/v2\/posts\/41338\/revisions"}],"wp:featuredmedia":[{"embeddable":true,"href":"https:\/\/www.radiopresidenteibanez.cl\/web\/wp-json\/wp\/v2\/media\/41368"}],"wp:attachment":[{"href":"https:\/\/www.radiopresidenteibanez.cl\/web\/wp-json\/wp\/v2\/media?parent=41338"}],"wp:term":[{"taxonomy":"category","embeddable":true,"href":"https:\/\/www.radiopresidenteibanez.cl\/web\/wp-json\/wp\/v2\/categories?post=41338"},{"taxonomy":"post_tag","embeddable":true,"href":"https:\/\/www.radiopresidenteibanez.cl\/web\/wp-json\/wp\/v2\/tags?post=41338"}],"curies":[{"name":"wp","href":"https:\/\/api.w.org\/{rel}","templated":true}]}}