{"id":41316,"date":"2023-07-19T11:43:00","date_gmt":"2023-07-19T14:43:00","guid":{"rendered":"https:\/\/www.radiopresidenteibanez.cl\/web\/?p=41316"},"modified":"2023-07-19T11:33:11","modified_gmt":"2023-07-19T14:33:11","slug":"hacienda-imparte-charla-de-atencion-integral-a-personas-con-la-condicion-de-espectro-autista-a-servicios-asociados","status":"publish","type":"post","link":"https:\/\/www.radiopresidenteibanez.cl\/web\/hacienda-imparte-charla-de-atencion-integral-a-personas-con-la-condicion-de-espectro-autista-a-servicios-asociados\/","title":{"rendered":"HACIENDA, IMPARTE CHARLA DE ATENCI\u00d3N INTEGRAL A PERSONAS CON LA CONDICI\u00d3N DE ESPECTRO AUTISTA A SERVICIOS ASOCIADOS"},"content":{"rendered":"\n<p>Los d\u00edas 12 y 13 de julio se realizo la charla \u201cRecomendaciones practicas para la atenci\u00f3n de personas con la condici\u00f3n de espectro autista\u201d, dirigida a funcionarios y funcionarios de Tesorer\u00eda Regional de Magallanes y Servicio de Impuestos Internos. Esta actividad apunta a la educaci\u00f3n, promoci\u00f3n, inclusi\u00f3n y respeto de los derechos de las personas con condici\u00f3n espectro autista en el marco de la promulgacion de la ley 21.545 o llamada ley TEA en marzo de este a\u00f1o.<\/p>\n\n\n\n<p>Al consultar al Seremi de Hacienda \u00c1lvaro Vargas, sobre estas charlas se\u00f1alo que: \u201cLas actividades&nbsp; se enmarcan en el compromiso &nbsp;de nuestro presidente Gabriel Boric por las neurodiversidades y la inclusi\u00f3n, desde el Ministerio de Hacienda en busca de modernizar el estado y en el marco de la promulgaci\u00f3n de la ley 12.545, a la cual fuimos invitados por la Delegada Provincial de \u00daltima Esperanza, la Agrupaci\u00f3n Asperger Natales, contando adem\u00e1s con la exposici\u00f3n de la Diputada Javiera Morales,&nbsp; instancia &nbsp;donde nos comprometimos con las agrupaciones para replicarlo a nuestros servicios asociados\u201d<\/p>\n\n\n\n<p>El expositor a cargo en esta oportunidad fue Alberto Cisternas, Terapeuta Ocupacional del COSAM Miraflores, quien presento una gu\u00eda para comprender las necesidades de las personas con espectro autista, el desarrollo de la capacidad emp\u00e1tica que se nos presupone a fin de llegar a dar respuesta a las necesidades que se presentan en la atenci\u00f3n de p\u00fablico, a trav\u00e9s de estrategias sencillas y eficaces que promuevan la igualdad.<\/p>\n\n\n\n<p>Esta charla se replicar\u00e1 durante el mes de agosto con los funcionarios de Aduanas para cerrar este primer ciclo de compromisos adquiridos.<\/p>\n","protected":false},"excerpt":{"rendered":"<p>Los d\u00edas 12 y 13 de julio se realizo la charla \u201cRecomendaciones practicas para la atenci\u00f3n de personas con la condici\u00f3n de espectro autista\u201d, dirigida a funcionarios y funcionarios de&#8230; <a class=\"read-more\" href=\"https:\/\/www.radiopresidenteibanez.cl\/web\/hacienda-imparte-charla-de-atencion-integral-a-personas-con-la-condicion-de-espectro-autista-a-servicios-asociados\/\">Leer m\u00e1s<\/a><\/p>\n","protected":false},"author":2,"featured_media":41317,"comment_status":"closed","ping_status":"closed","sticky":false,"template":"","format":"standard","meta":{"footnotes":""},"categories":[1],"tags":[],"class_list":["post-41316","post","type-post","status-publish","format-standard","has-post-thumbnail","hentry","category-cronica"],"_links":{"self":[{"href":"https:\/\/www.radiopresidenteibanez.cl\/web\/wp-json\/wp\/v2\/posts\/41316","targetHints":{"allow":["GET"]}}],"collection":[{"href":"https:\/\/www.radiopresidenteibanez.cl\/web\/wp-json\/wp\/v2\/posts"}],"about":[{"href":"https:\/\/www.radiopresidenteibanez.cl\/web\/wp-json\/wp\/v2\/types\/post"}],"author":[{"embeddable":true,"href":"https:\/\/www.radiopresidenteibanez.cl\/web\/wp-json\/wp\/v2\/users\/2"}],"replies":[{"embeddable":true,"href":"https:\/\/www.radiopresidenteibanez.cl\/web\/wp-json\/wp\/v2\/comments?post=41316"}],"version-history":[{"count":0,"href":"https:\/\/www.radiopresidenteibanez.cl\/web\/wp-json\/wp\/v2\/posts\/41316\/revisions"}],"wp:featuredmedia":[{"embeddable":true,"href":"https:\/\/www.radiopresidenteibanez.cl\/web\/wp-json\/wp\/v2\/media\/41317"}],"wp:attachment":[{"href":"https:\/\/www.radiopresidenteibanez.cl\/web\/wp-json\/wp\/v2\/media?parent=41316"}],"wp:term":[{"taxonomy":"category","embeddable":true,"href":"https:\/\/www.radiopresidenteibanez.cl\/web\/wp-json\/wp\/v2\/categories?post=41316"},{"taxonomy":"post_tag","embeddable":true,"href":"https:\/\/www.radiopresidenteibanez.cl\/web\/wp-json\/wp\/v2\/tags?post=41316"}],"curies":[{"name":"wp","href":"https:\/\/api.w.org\/{rel}","templated":true}]}}