{"id":4130,"date":"2019-05-13T12:38:51","date_gmt":"2019-05-13T12:38:51","guid":{"rendered":"http:\/\/www.radiopresidenteibanez.cl\/web\/?p=4130"},"modified":"2019-05-13T12:39:31","modified_gmt":"2019-05-13T12:39:31","slug":"red-de-espacios-culturales-de-magallanes-avanza-en-su-consolidacion","status":"publish","type":"post","link":"https:\/\/www.radiopresidenteibanez.cl\/web\/red-de-espacios-culturales-de-magallanes-avanza-en-su-consolidacion\/","title":{"rendered":"RED DE ESPACIOS CULTURALES DE MAGALLANES  AVANZA EN SU CONSOLIDACI\u00d3N"},"content":{"rendered":"\n<p>Bajo el componente\n\u201cFortalecimiento de la Planificaci\u00f3n y la Gesti\u00f3n Cultural Local\u201d, se efectu\u00f3\nel primer encuentro Red Espacios Culturales de Magallanes 2019, propiciado por\nla Serem\u00eda de las Culturas, las Artes y el Patrimonio, a trav\u00e9s del programa\nRed Cultura.<\/p>\n\n\n\n<p>En la reuni\u00f3n, que se efectu\u00f3\nel reciente mi\u00e9rcoles y jueves en la ciudad de Punta Arenas, participaron\nencargados de Cultura de las municipalidades de Torres del Payne, Cabo de Hornos,\nPorvenir, Timaukel, Primavera, Natales y de la capital regional, m\u00e1s responsables de los espacios culturales y\ncomunitarios Casa Azul del Arte, Sala A Contraluz, la Sociedad Espa\u00f1ola y La\nIdea. <\/p>\n\n\n\n<p>Planificaci\u00f3n y coordinaci\u00f3n\na\u00f1o 2019; an\u00e1lisis\nde la situaci\u00f3n en el territorio, implementaci\u00f3n y seguimiento de los Planes\nMunicipales de Cultura (PMC), fueron los temas centrales de la cita.<\/p>\n\n\n\n<p>\u201cEstamos propiciando este tipo de trabajo, porque entre los ejes de nuestro Ministerio y Gobierno, se encuentra la descentralizaci\u00f3n. Creemos que, mediante este tipo de estrategias o formatos, es factible conseguir y ampliar la oferta cultural a todo el territorio. Pero para ello debemos funcionar de manera asociativa, con el apoyo los municipios, los centros, espacios culturales y la comunidad\u201d, argument\u00f3 la Seremi de las Culturas, las Artes y el Patrimonio, Katherine Ibacache, presente en las dos jornadas.<\/p>\n\n\n\n<figure class=\"wp-block-image\"><img loading=\"lazy\" decoding=\"async\" width=\"1000\" height=\"667\" src=\"https:\/\/www.radiopresidenteibanez.cl\/web\/wp-content\/uploads\/2019\/05\/IMG_9635.jpg\" alt=\"\" class=\"wp-image-4131\" srcset=\"https:\/\/www.radiopresidenteibanez.cl\/web\/wp-content\/uploads\/2019\/05\/IMG_9635.jpg 1000w, https:\/\/www.radiopresidenteibanez.cl\/web\/wp-content\/uploads\/2019\/05\/IMG_9635-300x200.jpg 300w, https:\/\/www.radiopresidenteibanez.cl\/web\/wp-content\/uploads\/2019\/05\/IMG_9635-768x512.jpg 768w\" sizes=\"auto, (max-width: 1000px) 100vw, 1000px\" \/><\/figure>\n\n\n\n<p>Para el Encargado de Cultura de la Corporaci\u00f3n\nMunicipal de Cultura, Turismo y Patrimonio de Puerto Natales, Dennis Ch\u00e1vez, la\niniciativa permiti\u00f3 ahondar en aspectos que son de com\u00fan denominador, m\u00e1s all\u00e1\nde las diferentes realidades de cada localidad. \u201cFue una s\u00faper buena jornada.\nPudimos conocer inquietudes y requerimientos de los encargados de espacios de\notras comunas. Eso ayuda a fortalecer la red. Adem\u00e1s, tuvimos la posibilidad de\nevaluar desde el aspecto conceptual y pr\u00e1ctico los Planes Municipales de\nCultura, que para nosotros es muy \u00fatil, porque estamos en proceso de\nactualizaci\u00f3n del Plan\u201d, coment\u00f3. <\/p>\n\n\n\n<p>El encuentro, que consider\u00f3 una mediaci\u00f3n y trabajo pr\u00e1ctico de capacitaci\u00f3n a cargo del gestor y productor cultural, Cristian Venegas, representa una se\u00f1al de inter\u00e9s y proyecci\u00f3n de la red, seg\u00fan evaluaron los asistentes. \u201cA grandes rasgos me pareci\u00f3 una buena oportunidad para avanzar. Existe la intenci\u00f3n de consolidar esta red y siento que hacia all\u00e1 nos encaminamos. Llevamos tiempo en esto y lo bueno es que no hay desgaste, sino convencimiento e inter\u00e9s por proyectarnos. En este encuentro tuvimos la posibilidad de coordinar fechas de trabajo y conocer la demanda de encargados culturales de varias comunas y cuya aspiraci\u00f3n es que obras que se presenten en Punta Arenas, puedan itinerar. Eso es posible y adem\u00e1s nos permitir\u00eda descentralizar\u201d, indic\u00f3 Diego Garc\u00eda, Coordinador del Espacio Comunitario La Idea de capital regional. \u00a0\u00a0\u00a0\u00a0\u00a0<\/p>\n","protected":false},"excerpt":{"rendered":"<p>Bajo el componente \u201cFortalecimiento de la Planificaci\u00f3n y la Gesti\u00f3n Cultural Local\u201d, se efectu\u00f3 el primer encuentro Red Espacios Culturales de Magallanes 2019, propiciado por la Serem\u00eda de las Culturas,&#8230; <a class=\"read-more\" href=\"https:\/\/www.radiopresidenteibanez.cl\/web\/red-de-espacios-culturales-de-magallanes-avanza-en-su-consolidacion\/\">Leer m\u00e1s<\/a><\/p>\n","protected":false},"author":2,"featured_media":4131,"comment_status":"closed","ping_status":"closed","sticky":false,"template":"","format":"standard","meta":{"footnotes":""},"categories":[1],"tags":[],"class_list":["post-4130","post","type-post","status-publish","format-standard","has-post-thumbnail","hentry","category-cronica"],"_links":{"self":[{"href":"https:\/\/www.radiopresidenteibanez.cl\/web\/wp-json\/wp\/v2\/posts\/4130","targetHints":{"allow":["GET"]}}],"collection":[{"href":"https:\/\/www.radiopresidenteibanez.cl\/web\/wp-json\/wp\/v2\/posts"}],"about":[{"href":"https:\/\/www.radiopresidenteibanez.cl\/web\/wp-json\/wp\/v2\/types\/post"}],"author":[{"embeddable":true,"href":"https:\/\/www.radiopresidenteibanez.cl\/web\/wp-json\/wp\/v2\/users\/2"}],"replies":[{"embeddable":true,"href":"https:\/\/www.radiopresidenteibanez.cl\/web\/wp-json\/wp\/v2\/comments?post=4130"}],"version-history":[{"count":0,"href":"https:\/\/www.radiopresidenteibanez.cl\/web\/wp-json\/wp\/v2\/posts\/4130\/revisions"}],"wp:featuredmedia":[{"embeddable":true,"href":"https:\/\/www.radiopresidenteibanez.cl\/web\/wp-json\/wp\/v2\/media\/4131"}],"wp:attachment":[{"href":"https:\/\/www.radiopresidenteibanez.cl\/web\/wp-json\/wp\/v2\/media?parent=4130"}],"wp:term":[{"taxonomy":"category","embeddable":true,"href":"https:\/\/www.radiopresidenteibanez.cl\/web\/wp-json\/wp\/v2\/categories?post=4130"},{"taxonomy":"post_tag","embeddable":true,"href":"https:\/\/www.radiopresidenteibanez.cl\/web\/wp-json\/wp\/v2\/tags?post=4130"}],"curies":[{"name":"wp","href":"https:\/\/api.w.org\/{rel}","templated":true}]}}