{"id":41295,"date":"2023-07-18T15:17:00","date_gmt":"2023-07-18T18:17:00","guid":{"rendered":"https:\/\/www.radiopresidenteibanez.cl\/web\/?p=41295"},"modified":"2023-07-18T12:00:15","modified_gmt":"2023-07-18T15:00:15","slug":"superintendenta-sec-se-reune-con-gobernador-de-magallanes-para-potenciar-desarrollo-del-hidrogeno-verde","status":"publish","type":"post","link":"https:\/\/www.radiopresidenteibanez.cl\/web\/superintendenta-sec-se-reune-con-gobernador-de-magallanes-para-potenciar-desarrollo-del-hidrogeno-verde\/","title":{"rendered":"Superintendenta\u00a0SEC se re\u00fane\u00a0con\u00a0Gobernador de Magallanes para potenciar desarrollo del\u00a0Hidr\u00f3geno Verde"},"content":{"rendered":"\n<p>La Superintendenta de Electricidad y Combustibles, SEC, Marta Cabeza;&nbsp;se reuni\u00f3, la semana pasada,&nbsp;con el Gobernador de Magallanes, Jorge Flies, quien le plante\u00f3 algunos temas relevantes para la zona que representa,&nbsp;encuentro&nbsp;que se llev\u00f3 a cabo en oficinas del nivel central del organismo fiscalizador, ubicadas en la comuna de Santiago.<\/p>\n\n\n\n<p>Uno de los puntos analizados fue el potenciamiento del desarrollo del Hidr\u00f3geno Verde en la Regi\u00f3n, calificada por los especialistas como una de las zonas con mejores caracter\u00edsticas para la producci\u00f3n de este combustible. En este sentido, el Gobernador destac\u00f3 las cualidades&nbsp;naturales&nbsp;de Magallanes para este tipo de iniciativas.<\/p>\n\n\n\n<p>\u201cNuestra Regi\u00f3n es una de las m\u00e1s ventosas del mundo y hoy tenemos la posibilidad de generar este combustible y exportarlo (\u2026) Esto lo saben las empresas y por eso estamos ad portas de tener grandes inversiones en la zona\u201d, indic\u00f3 el Gobernador.<\/p>\n\n\n\n<p>Para alcanzar un mayor desarrollo de este combustible, la SEC desde hace a\u00f1os viene trabajando en una regulaci\u00f3n especial para este tipo de proyectos y ya se encuentra analizando y fiscalizando varios de ellos a lo largo del pa\u00eds.<\/p>\n\n\n\n<p>La Superintendenta de la SEC, Marta Cabeza explic\u00f3 que \u201cestamos trabajado en una normativa especial para el Hidr\u00f3geno Verde, que actualmente est\u00e1 en tramitaci\u00f3n en Contralor\u00eda, pero de todos modos estamos ingresando y revisando proyectos, apoy\u00e1ndonos en normativa internacional. Como SEC queremos apoyar y potenciar el desarrollo de este combustible, esto en el marco de la Estrategia Nacional de Hidrogeno Verde\u201d.<\/p>\n\n\n\n<p>VECINOS SIN ENERG\u00cdA<\/p>\n\n\n\n<p>Otro tema que se discuti\u00f3 durante la reuni\u00f3n fue el aislamiento que viven los vecinos de sectores rurales aleda\u00f1os a las zonas urbanas de la regi\u00f3n, los cuales aun no pueden contar con un suministro el\u00e9ctrico continuo y seguro. \u201cLas empresas nos han se\u00f1alado que no tienen contemplados nuevos proyectos de conexi\u00f3n en zonas periurbanas y rurales (\u2026) Hoy en d\u00eda esas familias dependen de bater\u00edas y generadores para tener energ\u00eda\u201d, indic\u00f3 Flies.<\/p>\n\n\n\n<p>En este contexto, la Superintendenta respondi\u00f3&nbsp;que si las familias se\u00f1aladas est\u00e1n ubicadas dentro de la zona de concesi\u00f3n de las empresas el\u00e9ctricas, que operan en la zona, \u00e9stas se encuentran obligadas a dar servicio el\u00e9ctrico a los vecinos que lo soliciten, por lo que la SEC estar\u00e1 fiscalizando que esto se cumpla.<\/p>\n\n\n\n<p>Ambas autoridades indicaron que mantendr\u00e1n el contacto para realizar un seguimiento a las medidas que se puedan tomar en los temas analizados, a fin de verificar los grados de avance de las soluciones propuestas por los equipos de la SEC.<\/p>\n\n\n\n<p>Por \u00faltimo, la invitaci\u00f3n que realizaron, desde el organismo fiscalizador, es a seguir su cuenta oficial en Instagram (@sec_chile), donde la ciudadan\u00eda podr\u00e1 acceder a informaci\u00f3n \u00fatil y consejos de seguridad para el uso de los energ\u00e9ticos, la que se suma a los perfiles disponibles en Twitter (@SEC_cl) y Facebook, como Superintendencia SEC.<\/p>\n","protected":false},"excerpt":{"rendered":"<p>La Superintendenta de Electricidad y Combustibles, SEC, Marta Cabeza;&nbsp;se reuni\u00f3, la semana pasada,&nbsp;con el Gobernador de Magallanes, Jorge Flies, quien le plante\u00f3 algunos temas relevantes para la zona que representa,&nbsp;encuentro&nbsp;que&#8230; <a class=\"read-more\" href=\"https:\/\/www.radiopresidenteibanez.cl\/web\/superintendenta-sec-se-reune-con-gobernador-de-magallanes-para-potenciar-desarrollo-del-hidrogeno-verde\/\">Leer m\u00e1s<\/a><\/p>\n","protected":false},"author":2,"featured_media":41296,"comment_status":"closed","ping_status":"closed","sticky":false,"template":"","format":"standard","meta":{"footnotes":""},"categories":[1],"tags":[],"class_list":["post-41295","post","type-post","status-publish","format-standard","has-post-thumbnail","hentry","category-cronica"],"_links":{"self":[{"href":"https:\/\/www.radiopresidenteibanez.cl\/web\/wp-json\/wp\/v2\/posts\/41295","targetHints":{"allow":["GET"]}}],"collection":[{"href":"https:\/\/www.radiopresidenteibanez.cl\/web\/wp-json\/wp\/v2\/posts"}],"about":[{"href":"https:\/\/www.radiopresidenteibanez.cl\/web\/wp-json\/wp\/v2\/types\/post"}],"author":[{"embeddable":true,"href":"https:\/\/www.radiopresidenteibanez.cl\/web\/wp-json\/wp\/v2\/users\/2"}],"replies":[{"embeddable":true,"href":"https:\/\/www.radiopresidenteibanez.cl\/web\/wp-json\/wp\/v2\/comments?post=41295"}],"version-history":[{"count":0,"href":"https:\/\/www.radiopresidenteibanez.cl\/web\/wp-json\/wp\/v2\/posts\/41295\/revisions"}],"wp:featuredmedia":[{"embeddable":true,"href":"https:\/\/www.radiopresidenteibanez.cl\/web\/wp-json\/wp\/v2\/media\/41296"}],"wp:attachment":[{"href":"https:\/\/www.radiopresidenteibanez.cl\/web\/wp-json\/wp\/v2\/media?parent=41295"}],"wp:term":[{"taxonomy":"category","embeddable":true,"href":"https:\/\/www.radiopresidenteibanez.cl\/web\/wp-json\/wp\/v2\/categories?post=41295"},{"taxonomy":"post_tag","embeddable":true,"href":"https:\/\/www.radiopresidenteibanez.cl\/web\/wp-json\/wp\/v2\/tags?post=41295"}],"curies":[{"name":"wp","href":"https:\/\/api.w.org\/{rel}","templated":true}]}}