{"id":41291,"date":"2023-07-18T13:57:00","date_gmt":"2023-07-18T16:57:00","guid":{"rendered":"https:\/\/www.radiopresidenteibanez.cl\/web\/?p=41291"},"modified":"2023-07-18T10:28:26","modified_gmt":"2023-07-18T13:28:26","slug":"personas-vulnerables-predominan-en-peritajes-psiquiatricos-a-cargo-del-sml-en-magallanes","status":"publish","type":"post","link":"https:\/\/www.radiopresidenteibanez.cl\/web\/personas-vulnerables-predominan-en-peritajes-psiquiatricos-a-cargo-del-sml-en-magallanes\/","title":{"rendered":"PERSONAS VULNERABLES PREDOMINAN EN PERITAJES PSIQUI\u00c1TRICOS A CARGO DEL SML EN MAGALLANES"},"content":{"rendered":"\n<p>Al no disponer el Servicio M\u00e9dico Legal (SML) de un perito siquiatra en Magallanes, su Direcci\u00f3n Regional ha logrado suplir dicha carencia gracias a la gesti\u00f3n, en conjunto con la Direcci\u00f3n Nacional, de un Plan de Reducci\u00f3n de Brechas en Psiquiatr\u00eda, financiado por el Ministerio de Justicia y DD. HH., el cual permite contar hoy con el concurso de la Dra. Ximena Pe\u00f1ailillo San Mart\u00edn, profesional de dilatada trayectoria, quien ha asumido la misi\u00f3n de desarrollar los peritajes pendientes en esta especialidad, por tercer a\u00f1o consecutivo.<\/p>\n\n\n\n<p>Al respecto, el Director Regional del SML, Dr. Ren\u00e9 Castro Cid, dio cuenta de este importante apoyo al sistema de justicia, enfocando los esfuerzos en realizar una labor lo m\u00e1s eficiente posible, lo que se traduce en que, hasta el cierre de la jornada del viernes 14 de julio, la especialista hab\u00eda visto a 23 de las 30 personas citadas hasta la fecha, de un total de 32 peritajes psiqui\u00e1tricos agendados en esta oportunidad, ya que dicha actividad culmina hoy lunes 17. El profesional se\u00f1al\u00f3 que, gracias a esta iniciativa, se ha dado respuesta a las solicitudes pendientes a nivel regional, recordando que, cuando comenz\u00f3 el Plan, a mediados de 2021, exist\u00edan decenas de solicitudes de pericias, que se arrastraban desde fines de 2019, cuando la Instituci\u00f3n a nivel local se qued\u00f3 sin un profesional en esta \u00e1rea. Recalc\u00f3 tambi\u00e9n que el trabajo con el Poder Judicial, el Ministerio P\u00fablico y la Defensor\u00eda Penal P\u00fablica Regional ha sido fundamental para el \u00e9xito de este Plan.<\/p>\n\n\n\n<p>Las solicitudes de peritajes psiqui\u00e1tricos se asocian fundamentalmente con causas de tribunales de Familia (violencia intrafamiliar), de Garant\u00eda y Laboral, y tambi\u00e9n hay solicitudes del Ministerio P\u00fablico, asociadas a algunos casos m\u00e1s puntuales. El Dr. Castro explic\u00f3 que los peritajes psiqui\u00e1tricos que desarrolla el SML son para establecer a trav\u00e9s del examen forense si existe en los peritados, responsabilidad criminal, interdicciones, presencia de patolog\u00eda psiqui\u00e1trica que altere la capacidad para consentir en la esfera sexual, y pericias en condenados por posible \u2018enajenaci\u00f3n mental\u2019, seg\u00fan la legislaci\u00f3n vigente. En concreto, establecer si las personas tienen discernimiento, y en caso de no tener discernimiento, qu\u00e9 medidas se recomiendan, ante la factibilidad de que vuelva a delinquir, en su calidad de persona sin raciocinio adecuado.<\/p>\n","protected":false},"excerpt":{"rendered":"<p>Al no disponer el Servicio M\u00e9dico Legal (SML) de un perito siquiatra en Magallanes, su Direcci\u00f3n Regional ha logrado suplir dicha carencia gracias a la gesti\u00f3n, en conjunto con la&#8230; <a class=\"read-more\" href=\"https:\/\/www.radiopresidenteibanez.cl\/web\/personas-vulnerables-predominan-en-peritajes-psiquiatricos-a-cargo-del-sml-en-magallanes\/\">Leer m\u00e1s<\/a><\/p>\n","protected":false},"author":2,"featured_media":41292,"comment_status":"closed","ping_status":"closed","sticky":false,"template":"","format":"standard","meta":{"footnotes":""},"categories":[1],"tags":[],"class_list":["post-41291","post","type-post","status-publish","format-standard","has-post-thumbnail","hentry","category-cronica"],"_links":{"self":[{"href":"https:\/\/www.radiopresidenteibanez.cl\/web\/wp-json\/wp\/v2\/posts\/41291","targetHints":{"allow":["GET"]}}],"collection":[{"href":"https:\/\/www.radiopresidenteibanez.cl\/web\/wp-json\/wp\/v2\/posts"}],"about":[{"href":"https:\/\/www.radiopresidenteibanez.cl\/web\/wp-json\/wp\/v2\/types\/post"}],"author":[{"embeddable":true,"href":"https:\/\/www.radiopresidenteibanez.cl\/web\/wp-json\/wp\/v2\/users\/2"}],"replies":[{"embeddable":true,"href":"https:\/\/www.radiopresidenteibanez.cl\/web\/wp-json\/wp\/v2\/comments?post=41291"}],"version-history":[{"count":0,"href":"https:\/\/www.radiopresidenteibanez.cl\/web\/wp-json\/wp\/v2\/posts\/41291\/revisions"}],"wp:featuredmedia":[{"embeddable":true,"href":"https:\/\/www.radiopresidenteibanez.cl\/web\/wp-json\/wp\/v2\/media\/41292"}],"wp:attachment":[{"href":"https:\/\/www.radiopresidenteibanez.cl\/web\/wp-json\/wp\/v2\/media?parent=41291"}],"wp:term":[{"taxonomy":"category","embeddable":true,"href":"https:\/\/www.radiopresidenteibanez.cl\/web\/wp-json\/wp\/v2\/categories?post=41291"},{"taxonomy":"post_tag","embeddable":true,"href":"https:\/\/www.radiopresidenteibanez.cl\/web\/wp-json\/wp\/v2\/tags?post=41291"}],"curies":[{"name":"wp","href":"https:\/\/api.w.org\/{rel}","templated":true}]}}