{"id":41285,"date":"2023-07-18T11:31:00","date_gmt":"2023-07-18T14:31:00","guid":{"rendered":"https:\/\/www.radiopresidenteibanez.cl\/web\/?p=41285"},"modified":"2023-07-18T08:53:35","modified_gmt":"2023-07-18T11:53:35","slug":"sindicato-trabajadores-de-enap-pone-a-disposicion-sus-sede-comunitaria-para-ensayos-de-la-obra-musical-nuestra-madre-grande","status":"publish","type":"post","link":"https:\/\/www.radiopresidenteibanez.cl\/web\/sindicato-trabajadores-de-enap-pone-a-disposicion-sus-sede-comunitaria-para-ensayos-de-la-obra-musical-nuestra-madre-grande\/","title":{"rendered":"SINDICATO TRABAJADORES DE ENAP PONE A DISPOSICION SUS SEDE COMUNITARIA PARA ENSAYOS DE LA OBRA MUSICAL \u201cNUESTRA MADRE GRANDE\u201d"},"content":{"rendered":"\n<p>Desde principios del mes de julio y hasta finales de agosto el Sindicato de Trabajadores de Enap Magallanes, puso a disposici\u00f3n su Sede Comunitaria, para los integrantes de la cantata, \u201cNuestra Madre Grande\u201d, el objetivo es brindarles un espacio donde puedan desarrollar sus ensayos, de cara a la gran presentaci\u00f3n de la obra musical en septiembre pr\u00f3ximo.<\/p>\n\n\n\n<p>Las coordinaciones para concretar el uso del espacio, se realizaron directamente entre la agrupaci\u00f3n y el secretario del gremio Ricardo Dettleft.<\/p>\n\n\n\n<p>\u201c<strong><em>Sin duda alguna como sindicato valoramos el trabajo y el significado que tiene la obra y estamos felices de poder colaborar con la sede comunitaria para que la agrupaci\u00f3n pueda realizar sus ensayos<\/em><\/strong>\u201d, dijo Dettleft.<\/p>\n\n\n\n<p>Dicha obra musical, est\u00e1 dirigida por el director del Coro de la Escuela de M\u00fasica y profesor de la Universidad de Magallanes, Fernando Alarc\u00f3n, quien agradeci\u00f3 la valiosa contribuci\u00f3n de la directiva del sindicato al poner a disposici\u00f3n las instalaciones de la Sede Comunitaria. &nbsp;<\/p>\n\n\n\n<p>\u201c<strong><em>Estamos todos muy agradecidos con el gremio, sin duda poder trabajar en esta obra en la sede comunitaria es un tremendo logro, ya que, en los meses de julio y agosto, nos hab\u00edamos quedado sin un espacio f\u00edsico donde avanzar en los ensayos, y las coordinaciones para lograr llegar a la sede fueron muy oportunas<\/em><\/strong>\u201d, precis\u00f3 Alarc\u00f3n.<\/p>\n\n\n\n<p>\u201cNuestra Madre Grande\u201d es el nombre de una obra po\u00e9tico musical en forma de cantata, que integra distintos ritmos folkl\u00f3ricos latinoamericanos. Fue creada por los ex presos del campo de concentraci\u00f3n de R\u00edo Chico en Isla Dawson, Manuel Rodr\u00edguez, Fernando Lanfranco y Marco Antonio Bart\u00edcevic en diciembre de 1973.&nbsp;<\/p>\n\n\n\n<p>Quienes integran este gran trabajo es un numeroso grupo de coristas de la Escuela de M\u00fasica de la UMAG, entre ellos guitarristas, percusionistas y voces.&nbsp; Dicha obra, est\u00e1 dividida en diez cantos, presenta una alegor\u00eda po\u00e9tica y musical de la historia y la geograf\u00eda del continente americano. La presentaci\u00f3n oficial de la cantata tendr\u00e1 lugar en el Teatro Municipal de Punta Arenas el domingo 3 de septiembre &nbsp;<\/p>\n\n\n\n<p>El secretario sindical tambi\u00e9n record\u00f3 que la sede comunitaria, est\u00e1 disponible para organizaciones sociales y la comunidad en general, y que para solicitarla deben colocarse en contacto al tel\u00e9fono 61 2 298404&nbsp; o bien al mail <a href=\"mailto:indtrab@mag.enap.cl\">sindtrab@mag.enap.cl<\/a><\/p>\n","protected":false},"excerpt":{"rendered":"<p>Desde principios del mes de julio y hasta finales de agosto el Sindicato de Trabajadores de Enap Magallanes, puso a disposici\u00f3n su Sede Comunitaria, para los integrantes de la cantata,&#8230; <a class=\"read-more\" href=\"https:\/\/www.radiopresidenteibanez.cl\/web\/sindicato-trabajadores-de-enap-pone-a-disposicion-sus-sede-comunitaria-para-ensayos-de-la-obra-musical-nuestra-madre-grande\/\">Leer m\u00e1s<\/a><\/p>\n","protected":false},"author":2,"featured_media":41286,"comment_status":"closed","ping_status":"closed","sticky":false,"template":"","format":"standard","meta":{"footnotes":""},"categories":[1],"tags":[],"class_list":["post-41285","post","type-post","status-publish","format-standard","has-post-thumbnail","hentry","category-cronica"],"_links":{"self":[{"href":"https:\/\/www.radiopresidenteibanez.cl\/web\/wp-json\/wp\/v2\/posts\/41285","targetHints":{"allow":["GET"]}}],"collection":[{"href":"https:\/\/www.radiopresidenteibanez.cl\/web\/wp-json\/wp\/v2\/posts"}],"about":[{"href":"https:\/\/www.radiopresidenteibanez.cl\/web\/wp-json\/wp\/v2\/types\/post"}],"author":[{"embeddable":true,"href":"https:\/\/www.radiopresidenteibanez.cl\/web\/wp-json\/wp\/v2\/users\/2"}],"replies":[{"embeddable":true,"href":"https:\/\/www.radiopresidenteibanez.cl\/web\/wp-json\/wp\/v2\/comments?post=41285"}],"version-history":[{"count":0,"href":"https:\/\/www.radiopresidenteibanez.cl\/web\/wp-json\/wp\/v2\/posts\/41285\/revisions"}],"wp:featuredmedia":[{"embeddable":true,"href":"https:\/\/www.radiopresidenteibanez.cl\/web\/wp-json\/wp\/v2\/media\/41286"}],"wp:attachment":[{"href":"https:\/\/www.radiopresidenteibanez.cl\/web\/wp-json\/wp\/v2\/media?parent=41285"}],"wp:term":[{"taxonomy":"category","embeddable":true,"href":"https:\/\/www.radiopresidenteibanez.cl\/web\/wp-json\/wp\/v2\/categories?post=41285"},{"taxonomy":"post_tag","embeddable":true,"href":"https:\/\/www.radiopresidenteibanez.cl\/web\/wp-json\/wp\/v2\/tags?post=41285"}],"curies":[{"name":"wp","href":"https:\/\/api.w.org\/{rel}","templated":true}]}}