{"id":41270,"date":"2023-07-17T17:29:00","date_gmt":"2023-07-17T20:29:00","guid":{"rendered":"https:\/\/www.radiopresidenteibanez.cl\/web\/?p=41270"},"modified":"2023-07-17T15:36:42","modified_gmt":"2023-07-17T18:36:42","slug":"gobierno-inicia-empadronamiento-biometrico-para-extranjeros-en-situacion-irregular","status":"publish","type":"post","link":"https:\/\/www.radiopresidenteibanez.cl\/web\/gobierno-inicia-empadronamiento-biometrico-para-extranjeros-en-situacion-irregular\/","title":{"rendered":"GOBIERNO INICIA EMPADRONAMIENTO BIOMETRICO PARA EXTRANJEROS EN SITUACION IRREGULAR"},"content":{"rendered":"\n<p>El Gobierno de Chile ha dado inicio al proceso de<br>Empadronamiento Biom\u00e9trico, en un esfuerzo por identificar a aproximadamente 150.000<br>extranjeros que han ingresado al pa\u00eds de manera irregular en los \u00faltimos cinco a\u00f1os. La<br>medida busca fortalecer las pol\u00edticas p\u00fablicas en materia de seguridad y derechos<br>humanos y forma parte de la Pol\u00edtica Nacional de Migraci\u00f3n y Extranjer\u00eda (PNME).<br>En Magallanes, la iniciativa fue lanzada este lunes con la primera persona empadronada<br>en las dependencias de la Polic\u00eda de Investigaciones en Punta Arenas, con la presencia del<br>Delegado Presidencial Jos\u00e9 Ruiz Pivcevic, el prefecto de la PDI Claudio Ramos Baltra, y la<br>directora regional de Migraciones, Vesna Mladinic Draguicevic.<br>El Prefecto Claudio Ramos Baltra, jefe de la Regi\u00f3n Policial de Magallanes y de la Ant\u00e1rtica<br>Chilena, especific\u00f3 que \u201cel proceso se realizar\u00e1 en el Complejo policial Punta Arenas, en la<br>Oficina de Migraciones y Polic\u00eda Internacional donde detectives del \u00e1rea tendr\u00e1n la misi\u00f3n<br>de registrar la informaci\u00f3n de las personas extranjeras para contar con datos relevantes<br>que, sin duda, ser\u00e1n de utilidad en el trabajo investigativo y de control migratorio que<br>realizamos, contribuyendo adem\u00e1s, a abordar la migraci\u00f3n de manera segura y regular\u201d.<br>El Empadronamiento Biom\u00e9trico es un registro de personas extranjeras mayores de 18<br>a\u00f1os que hayan ingresado de forma irregular a Chile y que residan en el pa\u00eds. La<br>informaci\u00f3n recabada incluir\u00e1 datos biom\u00e9tricos como fotograf\u00edas frontales del rostro y<br>huellas dactilares. Este proceso es parte de un compromiso para fortalecer la seguridad<br>nacional y las pol\u00edticas migratorias basadas en la realidad y necesidades del pa\u00eds.<br>El operativo se ha desplegado a nivel nacional con 75 puntos de registro disponibles,<br>incluyendo 10 equipos m\u00f3viles especialmente adaptados para este prop\u00f3sito. El proceso<br>de empadronamiento inici\u00f3 de forma paulatina el 11 de julio en cinco regiones del pa\u00eds, y<br>se ha extendido al resto de las regiones a partir de este lunes 17 de julio.<br>En la Regi\u00f3n de Magallanes, hasta la fecha, se ha alcanzado un total de 772 personas<br>inscritas en el empadronamiento, evidenciando el compromiso de los residentes<\/p>\n\n\n\n<p>extranjeros con este proceso. Es importante destacar que el Empadronamiento<br>Biom\u00e9trico no constituye un proceso de regularizaci\u00f3n migratoria, pero s\u00ed ser\u00e1 un<br>requisito indispensable para acceder a modalidades futuras de regularizaci\u00f3n.<br>La puesta en marcha del empadronamiento biom\u00e9trico es resultado de un convenio<br>interinstitucional firmado el 31 de mayo entre el Servicio Nacional de Migraciones y la<br>Polic\u00eda de Investigaciones de Chile (PDI). A partir del 15 de junio se inici\u00f3 la inscripci\u00f3n<br>para el registro a trav\u00e9s de un formulario online, logrando la inscripci\u00f3n de 190.600<br>personas a nivel nacional al 10 de julio. Se ha destinado una inversi\u00f3n p\u00fablica de 2.800<br>millones de pesos para la implementaci\u00f3n de este proceso.<br>Respecto al proceso de empadronamiento, la ministra del Interior, Carolina Toh\u00e1, dijo que<br>para que una persona se regularice, tiene que haber una modalidad en la pol\u00edtica p\u00fablica<br>de migraci\u00f3n que autorice esa regularizaci\u00f3n. \u201cEl empadronamiento no es una de ellas. El<br>empadronamiento no es una v\u00eda de regularizaci\u00f3n. El empadronamiento es una v\u00eda para<br>tener una identidad v\u00e1lida en el pa\u00eds\u201d, explic\u00f3.<br>A su vez, el Delegado Presidencial Jos\u00e9 Ruiz Pivcevic dijo que el Gobierno \u201cest\u00e1<br>impulsando el plan nacional de Migraci\u00f3n y Extranjer\u00eda, porque hay un d\u00e9ficit hist\u00f3rico<br>sobre la informaci\u00f3n de personas extranjeras que han ingresado por pasos no habilitados,<br>particularmente en estos \u00faltimos cinco a\u00f1os. Y este d\u00e9ficit de informaci\u00f3n nos genera una<br>dificultad como Estado para impulsar pol\u00edticas p\u00fablicas eficientes, en materia de<br>Seguridad P\u00fablica y Derechos. Este proceso que parte hoy y va hasta el 6 de octubre en<br>nuestra regi\u00f3n. Vale aclarar que el empadronamiento no constituye regularizaci\u00f3n, pero si<br>es un proceso ineludible para quien desee iniciarla\u201d.<br>En la misma ocasi\u00f3n, la Directora regional de Migraciones, Vesna Mladinic Draguicevic,<br>indic\u00f3 que \u201ces importante que Chile sepa cu\u00e1ntas son las personas que ingresaron por<br>pasos no habilitados hasta el 30 de mayo de este a\u00f1o; por eso estamos muy contentos<br>porque hasta la fecha tenemos m\u00e1s de 700 personas inscritas en Magallanes en este<br>procedimiento. Este es un proceso que va a durar hasta el 6 de octubre, lo cual nos va a<br>permitir tener en la regi\u00f3n una identidad, saber d\u00f3nde est\u00e1n, en qu\u00e9 lugar se encuentran<br>las personas con ingreso por paso no habilitado. Si bien no es un proceso de regularizaci\u00f3n<br>sentimos que es necesario que el pa\u00eds cuente con esta estad\u00edstica a fin de poder levantar<br>una pol\u00edtica p\u00fablica\u201d.<br>Con la informaci\u00f3n recolectada, el Gobierno de Chile espera fortalecer la seguridad y<br>eficiencia de sus pol\u00edticas p\u00fablicas, a trav\u00e9s de la identificaci\u00f3n de qui\u00e9nes residen en el<br>pa\u00eds y en qu\u00e9 lugares. Para m\u00e1s informaci\u00f3n sobre el proceso de empadronamiento y para<br>programar una cita, los interesados pueden visitar el sitio web:<br>empadronate.serviciomigraciones.cl<\/p>\n","protected":false},"excerpt":{"rendered":"<p>El Gobierno de Chile ha dado inicio al proceso deEmpadronamiento Biom\u00e9trico, en un esfuerzo por identificar a aproximadamente 150.000extranjeros que han ingresado al pa\u00eds de manera irregular en los \u00faltimos&#8230; <a class=\"read-more\" href=\"https:\/\/www.radiopresidenteibanez.cl\/web\/gobierno-inicia-empadronamiento-biometrico-para-extranjeros-en-situacion-irregular\/\">Leer m\u00e1s<\/a><\/p>\n","protected":false},"author":2,"featured_media":41271,"comment_status":"closed","ping_status":"closed","sticky":false,"template":"","format":"standard","meta":{"footnotes":""},"categories":[1],"tags":[],"class_list":["post-41270","post","type-post","status-publish","format-standard","has-post-thumbnail","hentry","category-cronica"],"_links":{"self":[{"href":"https:\/\/www.radiopresidenteibanez.cl\/web\/wp-json\/wp\/v2\/posts\/41270","targetHints":{"allow":["GET"]}}],"collection":[{"href":"https:\/\/www.radiopresidenteibanez.cl\/web\/wp-json\/wp\/v2\/posts"}],"about":[{"href":"https:\/\/www.radiopresidenteibanez.cl\/web\/wp-json\/wp\/v2\/types\/post"}],"author":[{"embeddable":true,"href":"https:\/\/www.radiopresidenteibanez.cl\/web\/wp-json\/wp\/v2\/users\/2"}],"replies":[{"embeddable":true,"href":"https:\/\/www.radiopresidenteibanez.cl\/web\/wp-json\/wp\/v2\/comments?post=41270"}],"version-history":[{"count":0,"href":"https:\/\/www.radiopresidenteibanez.cl\/web\/wp-json\/wp\/v2\/posts\/41270\/revisions"}],"wp:featuredmedia":[{"embeddable":true,"href":"https:\/\/www.radiopresidenteibanez.cl\/web\/wp-json\/wp\/v2\/media\/41271"}],"wp:attachment":[{"href":"https:\/\/www.radiopresidenteibanez.cl\/web\/wp-json\/wp\/v2\/media?parent=41270"}],"wp:term":[{"taxonomy":"category","embeddable":true,"href":"https:\/\/www.radiopresidenteibanez.cl\/web\/wp-json\/wp\/v2\/categories?post=41270"},{"taxonomy":"post_tag","embeddable":true,"href":"https:\/\/www.radiopresidenteibanez.cl\/web\/wp-json\/wp\/v2\/tags?post=41270"}],"curies":[{"name":"wp","href":"https:\/\/api.w.org\/{rel}","templated":true}]}}