{"id":4124,"date":"2019-05-13T12:30:48","date_gmt":"2019-05-13T12:30:48","guid":{"rendered":"http:\/\/www.radiopresidenteibanez.cl\/web\/?p=4124"},"modified":"2019-05-13T12:31:07","modified_gmt":"2019-05-13T12:31:07","slug":"constructora-vilicic-se-corona-campeon-de-futbol-maestro-en-punta-arenas","status":"publish","type":"post","link":"https:\/\/www.radiopresidenteibanez.cl\/web\/constructora-vilicic-se-corona-campeon-de-futbol-maestro-en-punta-arenas\/","title":{"rendered":"CONSTRUCTORA VILICIC SE CORONA CAMPE\u00d3N DE F\u00daTBOL MAESTRO EN PUNTA ARENAS"},"content":{"rendered":"\n<p>Tras un mes de intensos partidos, el domingo 12\nde mayo se vivi\u00f3 la gran final del Campeonato \u201cF\u00fatbol Maestro\u201d en la regi\u00f3n de Magallanes que este a\u00f1o reuni\u00f3 a siete\nequipos de trabajadores de empresas asociadas la C\u00e1mara Chilena de la\nConstrucci\u00f3n, en la oportunidad se coronaron campeones los representantes de\nConstructora Vilicic en Copa Oro y Constructora Axis en Copa Plata.<\/p>\n\n\n\n<p>La jornada transcurrida en el Centro Deportivo\nLe\u00f1adura comenz\u00f3 a las 16 horas con la final de la denominada Copa Plata, la\ncual tuvo como ganador a Constructora Axis quien gan\u00f3 en un re\u00f1ido encuentro a\nConstructora EBCO por 9 goles a 8.<\/p>\n\n\n\n<p>\u201cEstamos muy contentos, hoy se reuni\u00f3 la familia\nde la construcci\u00f3n ac\u00e1 en Punta Arenas, los partidos estuvieron re\u00f1idos, pero\nprim\u00f3 el juego limpio, disfrutando la fiesta en torno al deporte.&nbsp; Ahora esperamos que Constructora Vilicic nos\nrepresente muy bien en la final zona austral que se jugar\u00e1 en agosto pr\u00f3ximo en\nPuerto Montt\u201d, afirm\u00f3 Jos\u00e9 Alvarado, presidente CChC Punta Arenas.<\/p>\n\n\n\n<p>En tanto, en la final Copa Oro result\u00f3\nvictoriosa la Constructora Vilicic con un marcador de 5 goles frente a los 3\nconvertidos por SALFA.&nbsp; As\u00ed, el equipo\ngan\u00f3 la opci\u00f3n de ser el clasificado para la final zonal, en donde deber\u00e1n\nenfrentarse con los ganadores de Coyhaique y Puerto Montt.&nbsp; De esta ronda quien se corone campe\u00f3n de la\nZona Sur Austral, llegar\u00e1 a la gran final nacional que se desarrollar\u00e1 en\nSantiago en noviembre pr\u00f3ximo. <\/p>\n\n\n\n<p>\u201cEstamos muy contentos, fue un gran campeonato y\nla final fue contra Salfa que es un equipo que anda muy bien siempre (\u2026) esto\nnos da m\u00e1s energ\u00eda y pensamos que tenemos posibilidades en la final zonal. Esta\nes la tercera vez que llegamos a esta instancia y en una oportunidad pasamos a\nla final nacional, esperamos repetir este a\u00f1o\u201d, afirm\u00f3 Mauricio Mijalic,\ndelegado Constructora Vilicic.<\/p>\n\n\n\n<p>Durante la premiaci\u00f3n tambi\u00e9n se entregaron\nreconocimientos al \u201cgoleador del campeonato\u201d, quien fue recibido por Nicolas\nDonicke de Constructora Vilicic, la \u201cValla menos batida\u201d, cuyo ganador fue Constructora\nVilicic y el premio Equipo Fair Play recay\u00f3 en Constructora Bravo e Izquierdo.<\/p>\n\n\n\n<p>El campeonato F\u00fatbol Maestro es una iniciativa del \u00e1rea social de la C\u00e1mara Chilena de la Construcci\u00f3n y organizado por su Corporaci\u00f3n de Deportes, CORDEP, y busca mejorar la calidad de vida de los trabajadores de la construcci\u00f3n y sus familias a trav\u00e9s del deporte. <\/p>\n\n\n\n<figure class=\"wp-block-image\"><img loading=\"lazy\" decoding=\"async\" width=\"1024\" height=\"768\" src=\"https:\/\/www.radiopresidenteibanez.cl\/web\/wp-content\/uploads\/2019\/05\/VILICIC-CAMPE\u00d3N-1024x768.jpeg\" alt=\"\" class=\"wp-image-4125\" srcset=\"https:\/\/www.radiopresidenteibanez.cl\/web\/wp-content\/uploads\/2019\/05\/VILICIC-CAMPE\u00d3N-1024x768.jpeg 1024w, https:\/\/www.radiopresidenteibanez.cl\/web\/wp-content\/uploads\/2019\/05\/VILICIC-CAMPE\u00d3N-300x225.jpeg 300w, https:\/\/www.radiopresidenteibanez.cl\/web\/wp-content\/uploads\/2019\/05\/VILICIC-CAMPE\u00d3N-768x576.jpeg 768w, https:\/\/www.radiopresidenteibanez.cl\/web\/wp-content\/uploads\/2019\/05\/VILICIC-CAMPE\u00d3N.jpeg 1280w\" sizes=\"auto, (max-width: 1024px) 100vw, 1024px\" \/><\/figure>\n","protected":false},"excerpt":{"rendered":"<p>Tras un mes de intensos partidos, el domingo 12 de mayo se vivi\u00f3 la gran final del Campeonato \u201cF\u00fatbol Maestro\u201d en la regi\u00f3n de Magallanes que este a\u00f1o reuni\u00f3 a&#8230; <a class=\"read-more\" href=\"https:\/\/www.radiopresidenteibanez.cl\/web\/constructora-vilicic-se-corona-campeon-de-futbol-maestro-en-punta-arenas\/\">Leer m\u00e1s<\/a><\/p>\n","protected":false},"author":2,"featured_media":4125,"comment_status":"closed","ping_status":"closed","sticky":false,"template":"","format":"standard","meta":{"footnotes":""},"categories":[3],"tags":[],"class_list":["post-4124","post","type-post","status-publish","format-standard","has-post-thumbnail","hentry","category-deportes"],"_links":{"self":[{"href":"https:\/\/www.radiopresidenteibanez.cl\/web\/wp-json\/wp\/v2\/posts\/4124","targetHints":{"allow":["GET"]}}],"collection":[{"href":"https:\/\/www.radiopresidenteibanez.cl\/web\/wp-json\/wp\/v2\/posts"}],"about":[{"href":"https:\/\/www.radiopresidenteibanez.cl\/web\/wp-json\/wp\/v2\/types\/post"}],"author":[{"embeddable":true,"href":"https:\/\/www.radiopresidenteibanez.cl\/web\/wp-json\/wp\/v2\/users\/2"}],"replies":[{"embeddable":true,"href":"https:\/\/www.radiopresidenteibanez.cl\/web\/wp-json\/wp\/v2\/comments?post=4124"}],"version-history":[{"count":0,"href":"https:\/\/www.radiopresidenteibanez.cl\/web\/wp-json\/wp\/v2\/posts\/4124\/revisions"}],"wp:featuredmedia":[{"embeddable":true,"href":"https:\/\/www.radiopresidenteibanez.cl\/web\/wp-json\/wp\/v2\/media\/4125"}],"wp:attachment":[{"href":"https:\/\/www.radiopresidenteibanez.cl\/web\/wp-json\/wp\/v2\/media?parent=4124"}],"wp:term":[{"taxonomy":"category","embeddable":true,"href":"https:\/\/www.radiopresidenteibanez.cl\/web\/wp-json\/wp\/v2\/categories?post=4124"},{"taxonomy":"post_tag","embeddable":true,"href":"https:\/\/www.radiopresidenteibanez.cl\/web\/wp-json\/wp\/v2\/tags?post=4124"}],"curies":[{"name":"wp","href":"https:\/\/api.w.org\/{rel}","templated":true}]}}