{"id":41222,"date":"2023-07-15T09:52:33","date_gmt":"2023-07-15T12:52:33","guid":{"rendered":"https:\/\/www.radiopresidenteibanez.cl\/web\/?p=41222"},"modified":"2023-07-15T09:52:39","modified_gmt":"2023-07-15T12:52:39","slug":"autoridades-regionales-presentan-web-conmemorativa-de-los-50-anos-del-golpe-de-estado","status":"publish","type":"post","link":"https:\/\/www.radiopresidenteibanez.cl\/web\/autoridades-regionales-presentan-web-conmemorativa-de-los-50-anos-del-golpe-de-estado\/","title":{"rendered":"Autoridades regionales presentan web conmemorativa de los 50 a\u00f1os del Golpe de Estado"},"content":{"rendered":"\n<p>En el auditorio Ernesto Livacic de la Universidad de Magallanes y en medio de un<br>emotivo ambiente y cargado de simbolismos, se dio a conocer este<br>viernes&nbsp;www.50.cl, plataforma que re\u00fane las actividades relativas a la<br>conmemoraci\u00f3n de los 50 a\u00f1os del Golpe de Estado, agendadas a lo largo de todo<br>el pa\u00eds y en el extranjero. El sitio contiene links vinculados directamente a<br>pel\u00edculas, series, documentales y m\u00e1s de 300 contenidos audiovisuales<br>registrados a la fecha, adem\u00e1s de informaci\u00f3n sobre exposiciones, eventos<br>art\u00edsticos, velatones, seminarios, conversatorios y homenajes.<br>La presentaci\u00f3n estuvo a cargo del Seremi de las Culturas, las Artes y el<br>Patrimonio,&nbsp;Diego Garc\u00eda, quien fue acompa\u00f1ado por autoridades regionales<br>encabezadas por el Delegado Presidencial Regional, Jos\u00e9 Ruiz Pivcevic. El acto<br>consider\u00f3 adem\u00e1s la puesta en escena de la obra de teatro \u201cHistoria de amor en<br>Dawson\u201d, interpretada por el elenco estudiantil del Instituto Superior de<br>Comercio (INSUCO) de Punta Arenas y la exposici\u00f3n \u201cRotros de la Memoria\u201d, de<br>Iv\u00e1n Gonz\u00e1lez.<br>\u201cComo toda actividad en conmemoraci\u00f3n de los cincuenta a\u00f1os del golpe c\u00edvico<br>military, es bastante conmovedor. Primero que todo, resaltar el gran trabajo del<br>elenco de teatro del INSUCO que nos emocion\u00f3 con una obra sobre Arist\u00f3teles<br>Espa\u00f1a\u201d, dijo el Delegado Presidencial Regional, junto con destacar que<br>\u201cwww.50.cl es un espacio abierto a toda la comunidad para que se generen<br>iniciativas, tener informaci\u00f3n sobre cada actividad que se realiza en el marco de<br>la conmemoraci\u00f3n de los 50 a\u00f1os. El llamado para toda la ciudadan\u00eda de<br>Magallanes, es hacerse parte de esta plataforma, que la revisen, que se<\/p>\n\n\n\n<p>autoconvoquen. Este es un llamado a la reflexi\u00f3n, porque tenemos que rescatar<br>la memoria, buscar m\u00e1s justicia, fortalecer la democracia y tener m\u00e1s<br>reparaci\u00f3n, para construir un mejor futuro\u201d, acot\u00f3.<br>El contenido de las actividades provendr\u00e1 de instituciones p\u00fablicas y privadas, y<br>de la propia sociedad civil, que podr\u00e1 registrarse y subir su programaci\u00f3n<br>directamente en la web.<br>La plataforma se organiza en torno al lema \u201cDemocracia es memoria y futuro\u201d y<br>tiene cinco grandes secciones:&nbsp;Cartelera de actividades, con toda la<br>programaci\u00f3n nacional e internacional;&nbsp;Sube tu actividad, donde todas las<br>personas e instituciones podr\u00e1n incorporar sus acciones;&nbsp;Cartas para el futuro,<br>iniciativa impulsada por el Ministerio de las Culturas y el Ministerio de Educaci\u00f3n<br>en la que se invita a la ciudadan\u00eda a escribir un breve texto exponiendo las<br>heridas y el aprendizaje hist\u00f3rico que dej\u00f3 este periodo;&nbsp;Audiovisuales, colecci\u00f3n<br>de pel\u00edculas y documentales relacionados con el Golpe de Estado y la dictadura,<br>provenientes de instituciones y plataformas como la Cineteca Nacional, el Museo<br>de la Memoria y los Derechos Humanos y OndaMedia; y&nbsp;Noticias,&nbsp;los hitos y<br>novedades de la conmemoraci\u00f3n.<br>\u201c50.cl es lo que necesit\u00e1bamos para tener un sentido de todo lo que se est\u00e1<br>haciendo, a trav\u00e9s de todo el pa\u00eds y en lo regional, en lo particular, nos permitr\u00e1<br>a los grupos e individuos que estamos trabajando en este sentido de la memoria,<br>tambi\u00e9n coordinar de tal manera que podamos agendar nuestras actividades de<br>forma racional, sin que tengamos que competir unas con otras\u201d, valor\u00f3 Sergio<br>Reyes Soto, integrante de la Uni\u00f3n Ex-Presos Pol\u00edticos de Chile y de la<br>Coordinadora Popular Magallanes por la Conmemoraci\u00f3n de los 50 a\u00f1os.<br>ACTIVIDADES EN MAGALLANES<br>Entre las actividades regionales que incluye la plataforma figuran iniciativas<br>como \u201cLa Ruta de la Memoria\u201d, en Puerto Natales (programada para el 18 de<br>agosto) y Tierra del Fuego (15 de agosto); las clases magistrales \u201cPatrimonio de<br>los Derechos Humanos y Memoria vinculados a sitios de memoria, museos y<br>memoriales en Chile\u201d (25 de agosto, a las 18.00 horas en el auditorio Livacic de<br>la UMAG) y \u201cEl dolor de los sobrevivientes de la dictadura, su entorno familiar y<br>transgeneracional y su representaci\u00f3n, a trav\u00e9s del arte\u201d (01 de septiembre, a<br>las 18.00 horas, en la UMAG). Mientras que el 4, 5 y 6 de septiembre, se llevar\u00e1<br>a cabo la proyecci\u00f3n audiovisual Casa&nbsp;de DDHH&nbsp;Col\u00f3n&nbsp;636\u201d, en el edificio de la<br>Avenida Col\u00f3n de&nbsp;Punta Arenas y el 3 de septiembre, el estreno de la obra<br>musical \u201cCantata Nuestra Madre Grande\u201d, compuesta por los j\u00f3venes prisioneros<\/p>\n\n\n\n<p>en isla Dawson, Fernando Lanfranco, Manuel Rodr\u00edguez y Marco Barticevic, tras el<br>golpe de Estado, ocurrido en el a\u00f1o 1973.<\/p>\n","protected":false},"excerpt":{"rendered":"<p>En el auditorio Ernesto Livacic de la Universidad de Magallanes y en medio de unemotivo ambiente y cargado de simbolismos, se dio a conocer esteviernes&nbsp;www.50.cl, plataforma que re\u00fane las actividades&#8230; <a class=\"read-more\" href=\"https:\/\/www.radiopresidenteibanez.cl\/web\/autoridades-regionales-presentan-web-conmemorativa-de-los-50-anos-del-golpe-de-estado\/\">Leer m\u00e1s<\/a><\/p>\n","protected":false},"author":2,"featured_media":41223,"comment_status":"closed","ping_status":"closed","sticky":false,"template":"","format":"standard","meta":{"footnotes":""},"categories":[1],"tags":[],"class_list":["post-41222","post","type-post","status-publish","format-standard","has-post-thumbnail","hentry","category-cronica"],"_links":{"self":[{"href":"https:\/\/www.radiopresidenteibanez.cl\/web\/wp-json\/wp\/v2\/posts\/41222","targetHints":{"allow":["GET"]}}],"collection":[{"href":"https:\/\/www.radiopresidenteibanez.cl\/web\/wp-json\/wp\/v2\/posts"}],"about":[{"href":"https:\/\/www.radiopresidenteibanez.cl\/web\/wp-json\/wp\/v2\/types\/post"}],"author":[{"embeddable":true,"href":"https:\/\/www.radiopresidenteibanez.cl\/web\/wp-json\/wp\/v2\/users\/2"}],"replies":[{"embeddable":true,"href":"https:\/\/www.radiopresidenteibanez.cl\/web\/wp-json\/wp\/v2\/comments?post=41222"}],"version-history":[{"count":0,"href":"https:\/\/www.radiopresidenteibanez.cl\/web\/wp-json\/wp\/v2\/posts\/41222\/revisions"}],"wp:featuredmedia":[{"embeddable":true,"href":"https:\/\/www.radiopresidenteibanez.cl\/web\/wp-json\/wp\/v2\/media\/41223"}],"wp:attachment":[{"href":"https:\/\/www.radiopresidenteibanez.cl\/web\/wp-json\/wp\/v2\/media?parent=41222"}],"wp:term":[{"taxonomy":"category","embeddable":true,"href":"https:\/\/www.radiopresidenteibanez.cl\/web\/wp-json\/wp\/v2\/categories?post=41222"},{"taxonomy":"post_tag","embeddable":true,"href":"https:\/\/www.radiopresidenteibanez.cl\/web\/wp-json\/wp\/v2\/tags?post=41222"}],"curies":[{"name":"wp","href":"https:\/\/api.w.org\/{rel}","templated":true}]}}