{"id":41138,"date":"2023-07-13T19:27:00","date_gmt":"2023-07-13T22:27:00","guid":{"rendered":"https:\/\/www.radiopresidenteibanez.cl\/web\/?p=41138"},"modified":"2023-07-13T15:09:04","modified_gmt":"2023-07-13T18:09:04","slug":"senama-hif-y-santo-tomas-participan-con-murga-en-carnaval-de-invierno-destacando-valor-de-las-personas-mayores","status":"publish","type":"post","link":"https:\/\/www.radiopresidenteibanez.cl\/web\/senama-hif-y-santo-tomas-participan-con-murga-en-carnaval-de-invierno-destacando-valor-de-las-personas-mayores\/","title":{"rendered":"Senama, HIF y Santo Tom\u00e1s participan con murga en Carnaval de Invierno destacando valor de las personas mayores"},"content":{"rendered":"\n<p>Con el prop\u00f3sito de destacar la importancia que merecen las personas mayores en la sociedad, la coordinaci\u00f3n regional del Servicio Nacional del Adulto Mayor (Senama), HIF Chile y Santo Tom\u00e1s Punta Arenas estar\u00e1n presentes en la nueva versi\u00f3n del Carnaval de Invierno, con una murga que caracteriza a los dioses griegos.<\/p>\n\n\n\n<p>Ser\u00e1n alrededor de 120 personas, que incluyen a integrantes de agrupaciones de personas mayores, colaboradores de HIF Chile, estudiantes y colaboradores de Santo Tom\u00e1s, quienes dar\u00e1n vida a una de las siete murgas que participar\u00e1n este s\u00e1bado 15 y domingo 16 en el recorrido contemplado entre Sarmiento y Avenida Independencia.<\/p>\n\n\n\n<p>Al respecto, Valeska Acevedo, rectora de Santo Tom\u00e1s Punta Arenas, coment\u00f3 que \u201cpara nosotros es un hito, porque es primera vez que vamos a participar del Carnaval de Invierno. Esta alianza esta dentro de nuestro foco de Vinculaci\u00f3n con el Medio, que es vincularnos con las personas mayores, por lo tanto, fue una oportunidad importante para hacer el llamado a nuestros estudiantes y comenzar a hacer un trabajo en conjunto con Senama y HIF\u201d.<\/p>\n\n\n\n<p>Por su parte, el gerente de Asuntos Corporativos&nbsp;de&nbsp;HIF&nbsp;Chile, Juan Eduardo Gallardo, destac\u00f3 el entusiasmo de la compa\u00f1\u00eda por participar del Carnaval de Invierno. \u201cEs una fiesta tradicional que une a miles de familias en estos d\u00edas tan fr\u00edos, pero no s\u00f3lo nos entusiasma porque es nuestra primera vez participando, sino tambi\u00e9n por la alianza que formamos junto al Senama y al Instituto Profesional Santo Tom\u00e1s de Punta Arenas. Esta colaboraci\u00f3n nos ha permitido unir y conectar con personas mayores y con estudiantes de educaci\u00f3n superior, ambos actores fundamentales dentro de la comunidad y del desarrollo de&nbsp;nuestra&nbsp;regi\u00f3n\u201d, dijo.<\/p>\n\n\n\n<p>El coordinador regional de Senama, Nicol\u00e1s Soto, se\u00f1al\u00f3 que \u201ces super importante esta alianza p\u00fablico \u2013 privada que estamos con HIF y Santo Tom\u00e1s, porque tambi\u00e9n nos permite poder posicionar la gerontolog\u00eda y la importancia de las personas mayores en nuestra sociedad. Al mismo tiempo para Senama es primera vez que participamos en el Carnaval de Invierno, as\u00ed que las personas mayores est\u00e1n super contentas y nosotros queremos reconocer el trabajo de ellos en la comunidad\u201d.<\/p>\n\n\n\n<p>Soto agreg\u00f3 que alrededor de 30 personas mayores estar\u00e1n participando de la murga, algunos pertenecientes al Eleam Cristina Calder\u00f3n, del condominio Viviendas Tuteladas y de siete organizaciones o clubes de personas mayores<\/p>\n\n\n\n<p>La preparaci\u00f3n de la murga se prolong\u00f3 por poco m\u00e1s de 30 d\u00edas. Para ello, realizaron ensayos de coreograf\u00edas, taller de confecci\u00f3n de vestimenta y maquillaje.<\/p>\n\n\n\n<p>La murga Dioses del Olimpo resalta la importancia de los dioses griegos dentro de la mitolog\u00eda griega y el objetivo fue proyectarlo al presente dando cuenta de la relevancia de las personas mayores en la sociedad. La murga busca transmitir que son fundamentales dentro de la comunidad, merecen respeto y cuidado y representan -entre otros- sabidur\u00eda, experiencia, fortaleza, inteligencia y tradici\u00f3n.<\/p>\n","protected":false},"excerpt":{"rendered":"<p>Con el prop\u00f3sito de destacar la importancia que merecen las personas mayores en la sociedad, la coordinaci\u00f3n regional del Servicio Nacional del Adulto Mayor (Senama), HIF Chile y Santo Tom\u00e1s&#8230; <a class=\"read-more\" href=\"https:\/\/www.radiopresidenteibanez.cl\/web\/senama-hif-y-santo-tomas-participan-con-murga-en-carnaval-de-invierno-destacando-valor-de-las-personas-mayores\/\">Leer m\u00e1s<\/a><\/p>\n","protected":false},"author":2,"featured_media":41139,"comment_status":"closed","ping_status":"closed","sticky":false,"template":"","format":"standard","meta":{"footnotes":""},"categories":[1],"tags":[],"class_list":["post-41138","post","type-post","status-publish","format-standard","has-post-thumbnail","hentry","category-cronica"],"_links":{"self":[{"href":"https:\/\/www.radiopresidenteibanez.cl\/web\/wp-json\/wp\/v2\/posts\/41138","targetHints":{"allow":["GET"]}}],"collection":[{"href":"https:\/\/www.radiopresidenteibanez.cl\/web\/wp-json\/wp\/v2\/posts"}],"about":[{"href":"https:\/\/www.radiopresidenteibanez.cl\/web\/wp-json\/wp\/v2\/types\/post"}],"author":[{"embeddable":true,"href":"https:\/\/www.radiopresidenteibanez.cl\/web\/wp-json\/wp\/v2\/users\/2"}],"replies":[{"embeddable":true,"href":"https:\/\/www.radiopresidenteibanez.cl\/web\/wp-json\/wp\/v2\/comments?post=41138"}],"version-history":[{"count":0,"href":"https:\/\/www.radiopresidenteibanez.cl\/web\/wp-json\/wp\/v2\/posts\/41138\/revisions"}],"wp:featuredmedia":[{"embeddable":true,"href":"https:\/\/www.radiopresidenteibanez.cl\/web\/wp-json\/wp\/v2\/media\/41139"}],"wp:attachment":[{"href":"https:\/\/www.radiopresidenteibanez.cl\/web\/wp-json\/wp\/v2\/media?parent=41138"}],"wp:term":[{"taxonomy":"category","embeddable":true,"href":"https:\/\/www.radiopresidenteibanez.cl\/web\/wp-json\/wp\/v2\/categories?post=41138"},{"taxonomy":"post_tag","embeddable":true,"href":"https:\/\/www.radiopresidenteibanez.cl\/web\/wp-json\/wp\/v2\/tags?post=41138"}],"curies":[{"name":"wp","href":"https:\/\/api.w.org\/{rel}","templated":true}]}}