{"id":4112,"date":"2019-05-07T20:17:52","date_gmt":"2019-05-07T20:17:52","guid":{"rendered":"http:\/\/www.radiopresidenteibanez.cl\/web\/?p=4112"},"modified":"2019-05-10T20:21:48","modified_gmt":"2019-05-10T20:21:48","slug":"gobernadora-norambuena-ante-caso-de-abigeato-seguiremos-trabajando-para-combatir-la-delincuencia-en-cualquiera-de-sus-formas","status":"publish","type":"post","link":"https:\/\/www.radiopresidenteibanez.cl\/web\/gobernadora-norambuena-ante-caso-de-abigeato-seguiremos-trabajando-para-combatir-la-delincuencia-en-cualquiera-de-sus-formas\/","title":{"rendered":"GOBERNADORA NORAMBUENA ANTE CASO DE ABIGEATO: \u201cSEGUIREMOS  TRABAJANDO PARA COMBATIR LA DELINCUENCIA EN CUALQUIERA DE SUS FORMAS\u201d"},"content":{"rendered":"\n<p>Ante el caso de abigeato registrado\nen un campo cercano a las inmediaciones de Porvenir y por el cual Carabineros\ndetuvo a cinco personas el pasado fin de semana, la gobernadora de Tierra del\nFuego, Margarita Norambuena, destac\u00f3 el trabajo que mancomunadamente han\nrealizado la Fiscal\u00eda, las polic\u00edas y los servicios p\u00fablicos, en materia de\nseguridad en la provincia. <\/p>\n\n\n\n<p>La autoridad hizo un llamado a la\ntranquilidad de los habitantes de Tierra del Fuego se\u00f1alando que \u201cseguiremos\ntrabajando para combatir la delincuencia en cualquier de sus formas, porque lo\nque m\u00e1s nos preocupa es el bienestar y la seguridad de nuestros vecinos\u201d.<\/p>\n\n\n\n<p>Finalmente Norambuena manifest\u00f3 que \u201ccomo gobierno seguiremos trabajando con las instituciones competentes para prevenir los delitos en la provincia\u201d.<\/p>\n\n\n\n<ul class=\"wp-block-gallery columns-2 is-cropped wp-block-gallery-1 is-layout-flex wp-block-gallery-is-layout-flex\"><li class=\"blocks-gallery-item\"><figure><img loading=\"lazy\" decoding=\"async\" width=\"1024\" height=\"768\" src=\"https:\/\/www.radiopresidenteibanez.cl\/web\/wp-content\/uploads\/2019\/05\/8f4781a5-37b0-448f-9be1-7cfffadaee49-1024x768.jpg\" alt=\"\" data-id=\"4113\" data-link=\"https:\/\/www.radiopresidenteibanez.cl\/web\/?attachment_id=4113\" class=\"wp-image-4113\" srcset=\"https:\/\/www.radiopresidenteibanez.cl\/web\/wp-content\/uploads\/2019\/05\/8f4781a5-37b0-448f-9be1-7cfffadaee49-1024x768.jpg 1024w, https:\/\/www.radiopresidenteibanez.cl\/web\/wp-content\/uploads\/2019\/05\/8f4781a5-37b0-448f-9be1-7cfffadaee49-300x225.jpg 300w, https:\/\/www.radiopresidenteibanez.cl\/web\/wp-content\/uploads\/2019\/05\/8f4781a5-37b0-448f-9be1-7cfffadaee49-768x576.jpg 768w, https:\/\/www.radiopresidenteibanez.cl\/web\/wp-content\/uploads\/2019\/05\/8f4781a5-37b0-448f-9be1-7cfffadaee49.jpg 1280w\" sizes=\"auto, (max-width: 1024px) 100vw, 1024px\" \/><\/figure><\/li><li class=\"blocks-gallery-item\"><figure><img loading=\"lazy\" decoding=\"async\" width=\"1024\" height=\"768\" src=\"https:\/\/www.radiopresidenteibanez.cl\/web\/wp-content\/uploads\/2019\/05\/cfb4c068-70c3-4c70-81b5-2c8b55461cf4-1024x768.jpg\" alt=\"\" data-id=\"4114\" data-link=\"https:\/\/www.radiopresidenteibanez.cl\/web\/?attachment_id=4114\" class=\"wp-image-4114\" srcset=\"https:\/\/www.radiopresidenteibanez.cl\/web\/wp-content\/uploads\/2019\/05\/cfb4c068-70c3-4c70-81b5-2c8b55461cf4-1024x768.jpg 1024w, https:\/\/www.radiopresidenteibanez.cl\/web\/wp-content\/uploads\/2019\/05\/cfb4c068-70c3-4c70-81b5-2c8b55461cf4-300x225.jpg 300w, https:\/\/www.radiopresidenteibanez.cl\/web\/wp-content\/uploads\/2019\/05\/cfb4c068-70c3-4c70-81b5-2c8b55461cf4-768x576.jpg 768w, https:\/\/www.radiopresidenteibanez.cl\/web\/wp-content\/uploads\/2019\/05\/cfb4c068-70c3-4c70-81b5-2c8b55461cf4.jpg 1280w\" sizes=\"auto, (max-width: 1024px) 100vw, 1024px\" \/><\/figure><\/li><\/ul>\n","protected":false},"excerpt":{"rendered":"<p>Ante el caso de abigeato registrado en un campo cercano a las inmediaciones de Porvenir y por el cual Carabineros detuvo a cinco personas el pasado fin de semana, la&#8230; <a class=\"read-more\" href=\"https:\/\/www.radiopresidenteibanez.cl\/web\/gobernadora-norambuena-ante-caso-de-abigeato-seguiremos-trabajando-para-combatir-la-delincuencia-en-cualquiera-de-sus-formas\/\">Leer m\u00e1s<\/a><\/p>\n","protected":false},"author":2,"featured_media":4114,"comment_status":"closed","ping_status":"closed","sticky":false,"template":"","format":"standard","meta":{"footnotes":""},"categories":[1],"tags":[],"class_list":["post-4112","post","type-post","status-publish","format-standard","has-post-thumbnail","hentry","category-cronica"],"_links":{"self":[{"href":"https:\/\/www.radiopresidenteibanez.cl\/web\/wp-json\/wp\/v2\/posts\/4112","targetHints":{"allow":["GET"]}}],"collection":[{"href":"https:\/\/www.radiopresidenteibanez.cl\/web\/wp-json\/wp\/v2\/posts"}],"about":[{"href":"https:\/\/www.radiopresidenteibanez.cl\/web\/wp-json\/wp\/v2\/types\/post"}],"author":[{"embeddable":true,"href":"https:\/\/www.radiopresidenteibanez.cl\/web\/wp-json\/wp\/v2\/users\/2"}],"replies":[{"embeddable":true,"href":"https:\/\/www.radiopresidenteibanez.cl\/web\/wp-json\/wp\/v2\/comments?post=4112"}],"version-history":[{"count":0,"href":"https:\/\/www.radiopresidenteibanez.cl\/web\/wp-json\/wp\/v2\/posts\/4112\/revisions"}],"wp:featuredmedia":[{"embeddable":true,"href":"https:\/\/www.radiopresidenteibanez.cl\/web\/wp-json\/wp\/v2\/media\/4114"}],"wp:attachment":[{"href":"https:\/\/www.radiopresidenteibanez.cl\/web\/wp-json\/wp\/v2\/media?parent=4112"}],"wp:term":[{"taxonomy":"category","embeddable":true,"href":"https:\/\/www.radiopresidenteibanez.cl\/web\/wp-json\/wp\/v2\/categories?post=4112"},{"taxonomy":"post_tag","embeddable":true,"href":"https:\/\/www.radiopresidenteibanez.cl\/web\/wp-json\/wp\/v2\/tags?post=4112"}],"curies":[{"name":"wp","href":"https:\/\/api.w.org\/{rel}","templated":true}]}}