{"id":41090,"date":"2023-07-12T16:39:00","date_gmt":"2023-07-12T19:39:00","guid":{"rendered":"https:\/\/www.radiopresidenteibanez.cl\/web\/?p=41090"},"modified":"2023-07-12T15:29:23","modified_gmt":"2023-07-12T18:29:23","slug":"seremi-de-ciencia-realizara-taller-para-actualizar-politica-nacional-de-inteligencia-artificial","status":"publish","type":"post","link":"https:\/\/www.radiopresidenteibanez.cl\/web\/seremi-de-ciencia-realizara-taller-para-actualizar-politica-nacional-de-inteligencia-artificial\/","title":{"rendered":"Seremi de Ciencia realizar\u00e1 taller para actualizar Pol\u00edtica Nacional de Inteligencia Artificial"},"content":{"rendered":"\n<p>El martes 18 de julio, 9:00 horas (Magallanes y la Ant\u00e1rtica Chilena) 8:00 horas (Ays\u00e9n), se realizar\u00e1 el taller \u201cEl Futuro del Medio Ambiente y la Inteligencia Artificial\u201d, uno de los seis organizados a nivel nacional por el Ministerio de Ciencia, Tecnolog\u00eda, Conocimiento e Innovaci\u00f3n (CTCI) y la Organizaci\u00f3n de las Naciones Unidas para la Educaci\u00f3n la Ciencia y la Cultura (UNESCO), y cuyos resultados ser\u00e1n un insumo para actualizar la pol\u00edtica.<\/p>\n\n\n\n<p>Seg\u00fan indic\u00f3 la seremi de Ciencia, Ver\u00f3nica Vallejos, en junio del presente a\u00f1o se comenz\u00f3 con los talleres participativos en distintas regiones del pa\u00eds, para dialogar sobre diferentes tem\u00e1ticas relacionadas con la Inteligencia Artificial (IA), abordando particularmente el eje tres de la pol\u00edtica correspondiente a \u201c\u00c9tica, Aspectos Legales y Regulatorios, e Impactos Socioecon\u00f3micos\u201d.<\/p>\n\n\n\n<p>\u201cEn este taller se tratar\u00e1n las oportunidades propias del territorio y la IA, con especial \u00e9nfasis en temas medioambientales, como desastres naturales, resiliencia y crisis clim\u00e1tica, a los que la macrozona se ve enfrentada\u201d, explic\u00f3 la autoridad regional, quien agreg\u00f3 que \u201ces necesario revisar y profundizar la pol\u00edtica, abordando principalmente los temas \u00e9ticos y definir c\u00f3mo avanzamos hacia una transici\u00f3n digital justa, basada en el respeto de los derechos humanos y enfrentando los desaf\u00edos medioambientales, en momentos en donde adem\u00e1s la sociedad est\u00e1 preocupada por la ciberseguridad. Debemos disponer de conocimientos que nos permitan tomar las mejores decisiones en materia de pol\u00edticas p\u00fablicas asociadas a inteligencia artificial y responder apropiadamente a las necesidades de la comunidad en estos temas\u201d.<\/p>\n\n\n\n<p>La versi\u00f3n actualizada ser\u00e1 presentada en la pr\u00f3xima Cumbre de Inteligencia Artificial que organiza el MinCiencia, la oficina de Unesco Montevideo y el Banco de Desarrollo de Am\u00e9rica Latina, en octubre de este a\u00f1o.<\/p>\n\n\n\n<p>Quienes deseen participar de esta actividad y se encuentren en Punta Arenas, recibir\u00e1n un correo con la direcci\u00f3n del lugar previa inscripci\u00f3n en&nbsp;<a href=\"mailto:austral@minciencia.gob.cl\" target=\"_blank\" rel=\"noreferrer noopener\">austral@minciencia.gob.cl<\/a>. Interesados e interesadas de comunas aleda\u00f1as y de la regi\u00f3n de Ays\u00e9n podr\u00e1n solicitar el enlace de conexi\u00f3n en la casilla antes mencionada.<\/p>\n","protected":false},"excerpt":{"rendered":"<p>El martes 18 de julio, 9:00 horas (Magallanes y la Ant\u00e1rtica Chilena) 8:00 horas (Ays\u00e9n), se realizar\u00e1 el taller \u201cEl Futuro del Medio Ambiente y la Inteligencia Artificial\u201d, uno de&#8230; <a class=\"read-more\" href=\"https:\/\/www.radiopresidenteibanez.cl\/web\/seremi-de-ciencia-realizara-taller-para-actualizar-politica-nacional-de-inteligencia-artificial\/\">Leer m\u00e1s<\/a><\/p>\n","protected":false},"author":2,"featured_media":41091,"comment_status":"closed","ping_status":"closed","sticky":false,"template":"","format":"standard","meta":{"footnotes":""},"categories":[1],"tags":[],"class_list":["post-41090","post","type-post","status-publish","format-standard","has-post-thumbnail","hentry","category-cronica"],"_links":{"self":[{"href":"https:\/\/www.radiopresidenteibanez.cl\/web\/wp-json\/wp\/v2\/posts\/41090","targetHints":{"allow":["GET"]}}],"collection":[{"href":"https:\/\/www.radiopresidenteibanez.cl\/web\/wp-json\/wp\/v2\/posts"}],"about":[{"href":"https:\/\/www.radiopresidenteibanez.cl\/web\/wp-json\/wp\/v2\/types\/post"}],"author":[{"embeddable":true,"href":"https:\/\/www.radiopresidenteibanez.cl\/web\/wp-json\/wp\/v2\/users\/2"}],"replies":[{"embeddable":true,"href":"https:\/\/www.radiopresidenteibanez.cl\/web\/wp-json\/wp\/v2\/comments?post=41090"}],"version-history":[{"count":0,"href":"https:\/\/www.radiopresidenteibanez.cl\/web\/wp-json\/wp\/v2\/posts\/41090\/revisions"}],"wp:featuredmedia":[{"embeddable":true,"href":"https:\/\/www.radiopresidenteibanez.cl\/web\/wp-json\/wp\/v2\/media\/41091"}],"wp:attachment":[{"href":"https:\/\/www.radiopresidenteibanez.cl\/web\/wp-json\/wp\/v2\/media?parent=41090"}],"wp:term":[{"taxonomy":"category","embeddable":true,"href":"https:\/\/www.radiopresidenteibanez.cl\/web\/wp-json\/wp\/v2\/categories?post=41090"},{"taxonomy":"post_tag","embeddable":true,"href":"https:\/\/www.radiopresidenteibanez.cl\/web\/wp-json\/wp\/v2\/tags?post=41090"}],"curies":[{"name":"wp","href":"https:\/\/api.w.org\/{rel}","templated":true}]}}