{"id":41085,"date":"2023-07-12T15:13:00","date_gmt":"2023-07-12T18:13:00","guid":{"rendered":"https:\/\/www.radiopresidenteibanez.cl\/web\/?p=41085"},"modified":"2023-07-12T11:08:07","modified_gmt":"2023-07-12T14:08:07","slug":"30-anos-de-angel-parra-trio-en-el-ultimo-tren-a-casa","status":"publish","type":"post","link":"https:\/\/www.radiopresidenteibanez.cl\/web\/30-anos-de-angel-parra-trio-en-el-ultimo-tren-a-casa\/","title":{"rendered":"30 A\u00d1OS DE \u00c1NGEL PARRA TRIO EN EL \u00daLTIMO TREN A CASA"},"content":{"rendered":"\n<p>Este jueves 13 de julio, 19 hrs. (de Magallanes) en el programa&nbsp;<em>\u201cEl \u00faltimo tren a casa\u201d<\/em>&nbsp;que produce el&nbsp;<em>Colectivo Aczi\u00f3n Kultural<\/em>&nbsp;&nbsp;y&nbsp;&nbsp;que conduce&nbsp;<em>Pedro Guichapany<\/em>&nbsp;presenta en su secci\u00f3n&nbsp;<em>\u201cSolo Jazz\u201d<\/em>&nbsp;al grupo chileno \u201cANGEL PARRA TRIO\u201d que est\u00e1 celebrando por estos d\u00edas 30 a\u00f1os de m\u00fasica.<\/p>\n\n\n\n<p>Liderado por el guitarrista&nbsp;<em>\u00c1ngel Parra Orrego<\/em>, el grupo de jazz que oper\u00f3 bajo el nombre de \u201c<em>\u00c1ngel Parra Tr\u00edo<\/em>\u201d se consolid\u00f3 como el primer proyecto sustantivo en la renovaci\u00f3n la escena jazz\u00edstica chilena una vez derrumbado el r\u00e9gimen militar y finalizado el silencio obligatorio. Dada la permanente reinvenci\u00f3n musical que le posibilit\u00f3 una larga vigencia, el conjunto adem\u00e1s catapult\u00f3 a Parra m\u00e1s all\u00e1 de los territorios del rock, a trav\u00e9s de su militancia en el grupo&nbsp;<em>\u00abLos Tres\u00bb<\/em>, y puso su nombre entre los m\u00e1s populares guitarristas chilenos.<\/p>\n\n\n\n<p>La historia del famoso tr\u00edo jazz\u00edstico se remonta a fines de los &#8217;80, cuando el grupo de jazz-rock&nbsp;<em>\u201cCometa\u201d<\/em>&nbsp;viv\u00eda sus \u00faltimos momentos. \u00c1ngel Parra, quien hab\u00eda reemplazado al guitarrista Edgardo Riquelme en el conjunto, convoc\u00f3 en 1989 a dos de sus miembros originales para trabajar en un taller jazz\u00edstico reducido. El bajista Pablo Lecaros y el baterista Pedro Greene se unieron al primer boceto del tr\u00edo de Parra que por entonces balanceaba el repertorio standard, ciertas composiciones originales con m\u00fasica de Roberto Parra y formato jazz-rock electrificado.<\/p>\n\n\n\n<p>Poco despu\u00e9s, el tr\u00edo se consolid\u00f3 en el jazz de corte bop con la inclusi\u00f3n del contrabajista Roberto Titae Lindl y el baterista Pancho Molina (iniciados en el jazz en Concepci\u00f3n por el pianista Marlon Romero). La primera formaci\u00f3n estable del \u201c\u00c1ngel Parra Tr\u00edo\u201d se propici\u00f3, justamente, con estos integrantes de&nbsp;<em>\u201cLos Tres\u201d<\/em>, quienes aprovecharon un receso del conjunto por la gira que su l\u00edder \u00c1lvaro Henr\u00edquez efectu\u00f3 en 1991 a Europa junto a la&nbsp;<em>\u201cCompa\u00f1\u00eda del Gran Circo Teatro\u201d<\/em>. Con esta alineaci\u00f3n, y con \u00c1ngel Parra ya inmerso en la m\u00fasica de solistas como Barney Kessel o Joe Pass, el grupo grab\u00f3 su debut para Alerce:&nbsp;<em>\u00c1ngel Parra Tr\u00edo<\/em>&nbsp;(1992).<\/p>\n\n\n\n<p>En 1994, Molina dej\u00f3 el conjunto para formar y liderar&nbsp;<em>\u201cLos Titulares\u201d<\/em>, y entonces se integr\u00f3 el baterista Moncho P\u00e9rez, tambi\u00e9n de Concepci\u00f3n. La banda no tard\u00f3 en establecerse como un referente jazz\u00edstico dentro de una escena en v\u00edas de reconstrucci\u00f3n. Esta nueva formaci\u00f3n grab\u00f3 los \u00e1lbumes&nbsp;<em>\u201cPatana\u201d<\/em>&nbsp;(1995) y&nbsp;<em>\u201cPiscola Standards\u201d&nbsp;<\/em>(1996), alternando m\u00fasica original y piezas de compositores cl\u00e1sicos, con una tendencia a los lenguajes del swing y el bop por sobre la fusi\u00f3n predominante.<\/p>\n\n\n\n<p>El siguiente \u00e1lbum,&nbsp;<em>\u201cTequila\u201d&nbsp;<\/em>(1998), abri\u00f3 las puertas al tr\u00edo hacia nuevas fuentes de expresi\u00f3n. El jazz resultaba entonces insuficiente y el magnetismo de la m\u00fasica popular ya hab\u00eda hecho efecto en Parra y Lindl.&nbsp; Junto a&nbsp;<em>\u201cLos Tres\u201d<\/em>&nbsp;ambos hab\u00edan tocado m\u00fasica de Lalo Parra e intercambiado ideas con jazzistas de la vieja guardia como el pianista Rafael Traslavi\u00f1a o el contrabajista Iv\u00e1n Cazab\u00f3n. Este nuevo \u00e1lbum incluy\u00f3 al acordeonista tanguero Rafael Rabanito Berr\u00edos (quien incluso hab\u00eda tocado con Violeta Parra en su juventud).<\/p>\n\n\n\n<p><em>\u201cNo junta ni pega\u201d&nbsp;<\/em>(2000) ya ten\u00eda en las filas del conjunto a los teclistas Ra\u00fal Morales y Camilo Salinas, emulando parte del sonido tipo \u00c1ngeles Negros. T\u00e9cnicamente el \u00c1ngel Parra Tr\u00edo pas\u00f3 a ser un quinteto, pero mantuvo su nombre como marca inconfundible. Con ambos m\u00fasicos especializados en estos antiguos sonidos de teclados Rhodes, Hammond y Bonanza, la banda comenz\u00f3 su incursi\u00f3n en la m\u00fasica lounge y el pop psicod\u00e9lico, sobre todo cuando incorpor\u00f3 a su staff al cantante Juli\u00e1n Pe\u00f1a (ex Los Santos Dumont). Para entonces, ya se hab\u00edan acabado&nbsp;<em>\u00abLos Tres\u00bb&nbsp;<\/em>y tanto Parra como Lindl desviaron hacia el trabajo con el tr\u00edo su vocaci\u00f3n y experiencia popera.<\/p>\n\n\n\n<p>En ese contexto, la banda grab\u00f3 su primer \u00e1lbum con Warner, el doble volumen en vivo&nbsp;<em>\u201cLa hora Feliz\u201d<\/em>&nbsp;(2002), con un ej\u00e9rcito de invitados en tres noches en el Teatro Oriente. All\u00ed actuaron figuras como Buddy Richard, la cantante de tangos y bossa nova Nelly Sanders, la voz estelar del Bar Cinzano en Valpara\u00edso Carmen Corena y al creativo Silvio Paredes, adem\u00e1s de una serie de solistas en los vientos: Mickey Mardones, Ricardo Barrios, Parqu\u00edmetro Brice\u00f1o y Cristi\u00e1n Cuturrufo. El \u00e1lbum estaba dividido en cuatro momentos, cuatro horas felices: la hora popular, la hora electr\u00f3nica, la hora bossa y la hora swing. Finalmente fue el disco que marcar\u00eda un antes y un despu\u00e9s en la historia de la banda en una sostenida transformaci\u00f3n, adem\u00e1s del momento en que un p\u00fablico que entonces escuchaba otras m\u00fasicas, comenz\u00f3 a interesarse por el jazz.<\/p>\n\n\n\n<p>Luego vino&nbsp;<em>\u201cVamos, que se puede\u201d<\/em>&nbsp;(2003), \u00e1lbum que tuvo como inspiraci\u00f3n s\u00f3nica la figura del guitarrista pop de los a\u00f1os &#8217;60 \u00d3scar Arriagada. El tr\u00edo grab\u00f3 un nuevo disco con este magistral solista, Playa solitaria (2005), esta vez para el sello&nbsp;<em>La Oreja<\/em>. Incluy\u00f3 algunos temas que Arriagada hab\u00eda transformado en hits en los &#8217;60 (adem\u00e1s de la participaci\u00f3n del prisionero Jorge Gonz\u00e1lez), cerrando de paso una etapa de gran \u00e9xito popular y apertura musical que le signific\u00f3 el afecto de un p\u00fablico no precisamente emparentado con el jazz.<\/p>\n\n\n\n<p>El regreso de&nbsp;<em>\u201cLos Tres\u201d<\/em>&nbsp;al disco (<em>H\u00e1galo usted mismo<\/em>, 2006) oblig\u00f3 a Parra y a Lindl a suspender el proyecto por una temporada, pero ya en 2007 se reactiv\u00f3 para trabajar con el guitarrista de la vieja escuela Panchito Cabrera y el popular pianista Valent\u00edn Trujillo y grabar su noveno \u00e1lbum,&nbsp;<em>\u201cUn a\u00f1o m\u00e1s\u201d<\/em>&nbsp;(2007). El grupo&nbsp;&nbsp;incorpor\u00f3 adem\u00e1s al baterista de jazz Andy Baeza a la alineaci\u00f3n en reemplazo de un hist\u00f3rico Moncho P\u00e9rez, ahora establecido en Valpara\u00edso, l\u00edder de su propio cuarteto bop y cabeza de la nueva escena del jazz porte\u00f1o. Poco despu\u00e9s, el grupo trabaj\u00f3 con el mismo Valent\u00edn Trujillo, pero sum\u00f3 a otros h\u00e9ores de la bohemia capitalina de los a\u00f1os &#8217;40 y &#8217;50, como el saxofonista Mickey Mardones, el trompetista Ricardo Barrios y el tumbador Adelqui Silva para un nuevo repertorio escogido de la \u00e9poca y una revitalizaci\u00f3n de ese sonido en \u201cEsp\u00e9rame\u201d! (2009).<\/p>\n\n\n\n<p>El proyecto personal de Parra, quien en 2011 convoc\u00f3 a un sexteto de jazz con gente como Sebasti\u00e1n Jord\u00e1n (trompeta), Agust\u00edn Moya (saxo tenor) y Lautaro Quevedo (piano), mantuvo suspendido nuevamente el trabajo del \u00c1ngel Parra Tr\u00edo. A fines de 2013, el guitarrista retom\u00f3 el proyecto, redise\u00f1ado entonces como consecuencia de los problemas internos que se vivieron con sus compa\u00f1eros de&nbsp;<em>\u201cLos Tres\u201d<\/em>. A la salida de Parra de la banda de rock se sum\u00f3 el retiro de Roberto Lindl del grupo de jazz despu\u00e9s de 22 a\u00f1os de actividad. Parra convoc\u00f3 as\u00ed al pianista de jazz y funk Ariel Pino, y junto con Andy Baeza reorganiz\u00f3 la banda como tr\u00edo de \u00f3rgano Hammond.<\/p>\n\n\n\n<p>En el programa se podr\u00e1 escuchar su primer disco de 1992.<\/p>\n","protected":false},"excerpt":{"rendered":"<p>Este jueves 13 de julio, 19 hrs. (de Magallanes) en el programa&nbsp;\u201cEl \u00faltimo tren a casa\u201d&nbsp;que produce el&nbsp;Colectivo Aczi\u00f3n Kultural&nbsp;&nbsp;y&nbsp;&nbsp;que conduce&nbsp;Pedro Guichapany&nbsp;presenta en su secci\u00f3n&nbsp;\u201cSolo Jazz\u201d&nbsp;al grupo chileno \u201cANGEL PARRA&#8230; <a class=\"read-more\" href=\"https:\/\/www.radiopresidenteibanez.cl\/web\/30-anos-de-angel-parra-trio-en-el-ultimo-tren-a-casa\/\">Leer m\u00e1s<\/a><\/p>\n","protected":false},"author":2,"featured_media":41086,"comment_status":"closed","ping_status":"closed","sticky":false,"template":"","format":"standard","meta":{"footnotes":""},"categories":[1],"tags":[],"class_list":["post-41085","post","type-post","status-publish","format-standard","has-post-thumbnail","hentry","category-cronica"],"_links":{"self":[{"href":"https:\/\/www.radiopresidenteibanez.cl\/web\/wp-json\/wp\/v2\/posts\/41085","targetHints":{"allow":["GET"]}}],"collection":[{"href":"https:\/\/www.radiopresidenteibanez.cl\/web\/wp-json\/wp\/v2\/posts"}],"about":[{"href":"https:\/\/www.radiopresidenteibanez.cl\/web\/wp-json\/wp\/v2\/types\/post"}],"author":[{"embeddable":true,"href":"https:\/\/www.radiopresidenteibanez.cl\/web\/wp-json\/wp\/v2\/users\/2"}],"replies":[{"embeddable":true,"href":"https:\/\/www.radiopresidenteibanez.cl\/web\/wp-json\/wp\/v2\/comments?post=41085"}],"version-history":[{"count":0,"href":"https:\/\/www.radiopresidenteibanez.cl\/web\/wp-json\/wp\/v2\/posts\/41085\/revisions"}],"wp:featuredmedia":[{"embeddable":true,"href":"https:\/\/www.radiopresidenteibanez.cl\/web\/wp-json\/wp\/v2\/media\/41086"}],"wp:attachment":[{"href":"https:\/\/www.radiopresidenteibanez.cl\/web\/wp-json\/wp\/v2\/media?parent=41085"}],"wp:term":[{"taxonomy":"category","embeddable":true,"href":"https:\/\/www.radiopresidenteibanez.cl\/web\/wp-json\/wp\/v2\/categories?post=41085"},{"taxonomy":"post_tag","embeddable":true,"href":"https:\/\/www.radiopresidenteibanez.cl\/web\/wp-json\/wp\/v2\/tags?post=41085"}],"curies":[{"name":"wp","href":"https:\/\/api.w.org\/{rel}","templated":true}]}}