{"id":41067,"date":"2023-07-12T08:23:00","date_gmt":"2023-07-12T11:23:00","guid":{"rendered":"https:\/\/www.radiopresidenteibanez.cl\/web\/?p=41067"},"modified":"2023-07-12T08:10:24","modified_gmt":"2023-07-12T11:10:24","slug":"rodolfo-cardenas-consejero-regional-insta-a-que-proyectos-de-servicios-basicos-sigan-avanzando-en-distintas-provincias","status":"publish","type":"post","link":"https:\/\/www.radiopresidenteibanez.cl\/web\/rodolfo-cardenas-consejero-regional-insta-a-que-proyectos-de-servicios-basicos-sigan-avanzando-en-distintas-provincias\/","title":{"rendered":"RODOLFO CARDENAS CONSEJERO REGIONAL INSTA A QUE PROYECTOS DE SERVICIOS BASICOS SIGAN AVANZANDO EN DISTINTAS PROVINCIAS"},"content":{"rendered":"\n<p>Este lunes el Consejo Regional de Magallanes aprob\u00f3 la iniciativa para la construcci\u00f3n de la red<br>de gas natural para los sectores de Ojo Bueno, Calafate y Robledal, al norte de Punta Arenas,<br>proyecto que beneficiar\u00e1 a cientos de habitantes que han optado por la construcci\u00f3n de<br>viviendas en las zonas colindantes de la capital regional, no como segunda vivienda, sino que<br>como sus hogares habituales. Para el consejero fueguino, Rodolfo C\u00e1rdenas, la iniciativa es<br>relevante, y debe ser considerada como el norte a seguir para otros proyectos de la misma<br>\u00edndole en \u00daltima Esperanza y Tierra del Fuego.<br>\u201cLa aprobaci\u00f3n de los recursos que van a permitir la construcci\u00f3n de una nueva red de gas de<br>m\u00e1s de 30 kil\u00f3metros en el sector norte de Punta Arenas nos llena de satisfacci\u00f3n, pero<br>tambi\u00e9n nos impulsa a seguir luchando para que se siga avanzando en las iniciativas que se han<br>implementado y se encuentran en proceso aun, en Porvenir por ejemplo, donde esperamos<br>pronto tener noticias acerca de la red de agua potable y as\u00ed tambi\u00e9n con los otros suministros<br>b\u00e1sicos en distintos puntos de la capital provincial de Tierra del Fuego\u201d, coment\u00f3 el consejero<br>C\u00e1rdenas.<br>A\u00f1adi\u00f3 indicando que \u201clo mismo sucede con la Provincia de \u00daltima Esperanza y por supuesto,<br>la provincia de Magallanes, en Punta Arena en particular, con otros sectores que se han ido<br>poblando a lo largo de este tiempo y que es importante apoyarlos con el acceso a los servicios<br>b\u00e1sicos como agua potable, electricidad o gas, como fue en este caso aprobado por el Consejo<br>Regional\u201d.<br>Cabre recordar que existen proyectos que est\u00e1n avanzando para llevar suministros b\u00e1sicos al<br>sector alto de Punta Arenas, zona que se ha nutrido de hogares de vecinos que requieren agua<br>potable, luz y agua. Misma situaci\u00f3n se est\u00e1 trabajando en el sector de Huertos Familiares,<br>para dotar a las y los habitantes del lugar con agua potable y gas natural.<br>Inst\u00f3 el CORE fueguino a los intervinientes a seguir avanzando en el trabajo multisectorial que<br>debe realizarse para que estas iniciativas lleguen a la mesa del Consejo Regional y puedan<br>convertirse en realidad para las y los habitantes de dichos territorios.<\/p>\n","protected":false},"excerpt":{"rendered":"<p>Este lunes el Consejo Regional de Magallanes aprob\u00f3 la iniciativa para la construcci\u00f3n de la redde gas natural para los sectores de Ojo Bueno, Calafate y Robledal, al norte de&#8230; <a class=\"read-more\" href=\"https:\/\/www.radiopresidenteibanez.cl\/web\/rodolfo-cardenas-consejero-regional-insta-a-que-proyectos-de-servicios-basicos-sigan-avanzando-en-distintas-provincias\/\">Leer m\u00e1s<\/a><\/p>\n","protected":false},"author":2,"featured_media":41068,"comment_status":"closed","ping_status":"closed","sticky":false,"template":"","format":"standard","meta":{"footnotes":""},"categories":[1],"tags":[],"class_list":["post-41067","post","type-post","status-publish","format-standard","has-post-thumbnail","hentry","category-cronica"],"_links":{"self":[{"href":"https:\/\/www.radiopresidenteibanez.cl\/web\/wp-json\/wp\/v2\/posts\/41067","targetHints":{"allow":["GET"]}}],"collection":[{"href":"https:\/\/www.radiopresidenteibanez.cl\/web\/wp-json\/wp\/v2\/posts"}],"about":[{"href":"https:\/\/www.radiopresidenteibanez.cl\/web\/wp-json\/wp\/v2\/types\/post"}],"author":[{"embeddable":true,"href":"https:\/\/www.radiopresidenteibanez.cl\/web\/wp-json\/wp\/v2\/users\/2"}],"replies":[{"embeddable":true,"href":"https:\/\/www.radiopresidenteibanez.cl\/web\/wp-json\/wp\/v2\/comments?post=41067"}],"version-history":[{"count":0,"href":"https:\/\/www.radiopresidenteibanez.cl\/web\/wp-json\/wp\/v2\/posts\/41067\/revisions"}],"wp:featuredmedia":[{"embeddable":true,"href":"https:\/\/www.radiopresidenteibanez.cl\/web\/wp-json\/wp\/v2\/media\/41068"}],"wp:attachment":[{"href":"https:\/\/www.radiopresidenteibanez.cl\/web\/wp-json\/wp\/v2\/media?parent=41067"}],"wp:term":[{"taxonomy":"category","embeddable":true,"href":"https:\/\/www.radiopresidenteibanez.cl\/web\/wp-json\/wp\/v2\/categories?post=41067"},{"taxonomy":"post_tag","embeddable":true,"href":"https:\/\/www.radiopresidenteibanez.cl\/web\/wp-json\/wp\/v2\/tags?post=41067"}],"curies":[{"name":"wp","href":"https:\/\/api.w.org\/{rel}","templated":true}]}}