{"id":41047,"date":"2023-07-11T18:46:00","date_gmt":"2023-07-11T21:46:00","guid":{"rendered":"https:\/\/www.radiopresidenteibanez.cl\/web\/?p=41047"},"modified":"2023-07-11T10:58:27","modified_gmt":"2023-07-11T13:58:27","slug":"iniciativa-de-senador-kusanovic-busca-mayor-transparencia-en-uso-de-recursos-publicos-para-fundaciones-y-ejecutores","status":"publish","type":"post","link":"https:\/\/www.radiopresidenteibanez.cl\/web\/iniciativa-de-senador-kusanovic-busca-mayor-transparencia-en-uso-de-recursos-publicos-para-fundaciones-y-ejecutores\/","title":{"rendered":"INICIATIVA DE SENADOR KUSANOVIC BUSCA MAYOR TRANSPARENCIA EN USO DE RECURSOS PUBLICOS PARA FUNDACIONES Y EJECUTORES"},"content":{"rendered":"\n<p>Dadas las \u00faltimas investigaciones de Fiscal\u00eda y Contralor\u00eda, y a las m\u00faltiples noticias sobre el cuestionable por los traspasos de recursos a fundaciones y ONG\u2019s, el Senado realizo esta semana una sesi\u00f3n especial para analizar responsabilidades pol\u00edticas y medidas para evitar la corrupci\u00f3n, cita a la cual asistieron los ministros de Hacienda, Mario Marcel; de Vivienda Carlos Montes; y de Desarrollo Social, Giorgio Jackson con el fin de tratar el traspaso de recursos fiscales. En la instancia, el senador Alejandro Kusanovic present\u00f3 esta semana un Proyecto de Acuerdo que busca transparentar la utilizaci\u00f3n de los fondos p\u00fablicos entregados por el Estado y Municipalidades a fundaciones y particulares.<\/p>\n\n\n\n<p>El proyecto fue respaldado por 29 senadores y solicita al Presidente de la Rep\u00fablica realizar las gestiones necesarias para actualizar y dar mayor operatividad al Registro de colaboradores del Estado y municipalidades, incorporando mayor publicidad en las rendiciones de gastos. El parlamentario explic\u00f3 que \u201ctal como est\u00e1n las cosas tenemos que buscar formas de dar mayor transparencia al destino de las platas del Estado, por ejemplo, tenemos herramientas que permiten llevar un registro de personas jur\u00eddicas receptoras de fondos p\u00fablicos, pero esta plataforma no permite revisar las rendiciones que den cuenta de estos fondos o en que fueron usados. Por lo que ingrese un proyecto para darle mayor operatividad al Registro y permita transparentarlos\u201d.<\/p>\n\n\n\n<p>El proyecto aprobado propone facilitar el acceso, ya que actualmente, en el portal https:\/\/www.registros19862.cl, es posible revisar los aportes de distintos \u00f3rganos del Estado o Municipalidades a distintos tipos de organizaciones sociales, p\u00fablicas o privadas, encontr\u00e1ndose estas \u00faltimas registradas, apareciendo en sistema el rut, nombre, raz\u00f3n social, tipo de instituci\u00f3n, \u00e1rea tem\u00e1tica, patrimonio, capital, estado de resultado, direcci\u00f3n, tel\u00e9fonos de contacto, directivos importantes, entre otros datos. Sin embargo, Kusanovic detalla que \u201cel registro se encuentra desactualizado y con informaci\u00f3n err\u00f3nea, incorporando, por ejemplo, rut que no existen. Adem\u00e1s, seguir\u00e9 impulsando propuestas que permitan avanzar hacia una plataforma \u00fanica que no solo incluya la rendici\u00f3n de estos gastos, sino que tambi\u00e9n permita acceder a la evaluaci\u00f3n de los proyectos ejecutados y que cualquier persona pueda revisar estos antecedentes para una mayor publicidad del gasto p\u00fablico\u201d concluyo.<\/p>\n","protected":false},"excerpt":{"rendered":"<p>Dadas las \u00faltimas investigaciones de Fiscal\u00eda y Contralor\u00eda, y a las m\u00faltiples noticias sobre el cuestionable por los traspasos de recursos a fundaciones y ONG\u2019s, el Senado realizo esta semana&#8230; <a class=\"read-more\" href=\"https:\/\/www.radiopresidenteibanez.cl\/web\/iniciativa-de-senador-kusanovic-busca-mayor-transparencia-en-uso-de-recursos-publicos-para-fundaciones-y-ejecutores\/\">Leer m\u00e1s<\/a><\/p>\n","protected":false},"author":2,"featured_media":40708,"comment_status":"closed","ping_status":"closed","sticky":false,"template":"","format":"standard","meta":{"footnotes":""},"categories":[1],"tags":[],"class_list":["post-41047","post","type-post","status-publish","format-standard","has-post-thumbnail","hentry","category-cronica"],"_links":{"self":[{"href":"https:\/\/www.radiopresidenteibanez.cl\/web\/wp-json\/wp\/v2\/posts\/41047","targetHints":{"allow":["GET"]}}],"collection":[{"href":"https:\/\/www.radiopresidenteibanez.cl\/web\/wp-json\/wp\/v2\/posts"}],"about":[{"href":"https:\/\/www.radiopresidenteibanez.cl\/web\/wp-json\/wp\/v2\/types\/post"}],"author":[{"embeddable":true,"href":"https:\/\/www.radiopresidenteibanez.cl\/web\/wp-json\/wp\/v2\/users\/2"}],"replies":[{"embeddable":true,"href":"https:\/\/www.radiopresidenteibanez.cl\/web\/wp-json\/wp\/v2\/comments?post=41047"}],"version-history":[{"count":0,"href":"https:\/\/www.radiopresidenteibanez.cl\/web\/wp-json\/wp\/v2\/posts\/41047\/revisions"}],"wp:featuredmedia":[{"embeddable":true,"href":"https:\/\/www.radiopresidenteibanez.cl\/web\/wp-json\/wp\/v2\/media\/40708"}],"wp:attachment":[{"href":"https:\/\/www.radiopresidenteibanez.cl\/web\/wp-json\/wp\/v2\/media?parent=41047"}],"wp:term":[{"taxonomy":"category","embeddable":true,"href":"https:\/\/www.radiopresidenteibanez.cl\/web\/wp-json\/wp\/v2\/categories?post=41047"},{"taxonomy":"post_tag","embeddable":true,"href":"https:\/\/www.radiopresidenteibanez.cl\/web\/wp-json\/wp\/v2\/tags?post=41047"}],"curies":[{"name":"wp","href":"https:\/\/api.w.org\/{rel}","templated":true}]}}