{"id":41029,"date":"2023-07-11T10:01:00","date_gmt":"2023-07-11T13:01:00","guid":{"rendered":"https:\/\/www.radiopresidenteibanez.cl\/web\/?p=41029"},"modified":"2023-07-11T08:49:28","modified_gmt":"2023-07-11T11:49:28","slug":"companeros-de-musica-tomando-en-cuenta-esas-politonales-y-audaces-canciones-quisiera-preguntar-me-urge-canta-silvio-rodriguez","status":"publish","type":"post","link":"https:\/\/www.radiopresidenteibanez.cl\/web\/companeros-de-musica-tomando-en-cuenta-esas-politonales-y-audaces-canciones-quisiera-preguntar-me-urge-canta-silvio-rodriguez\/","title":{"rendered":"\u00ab..Compa\u00f1eros de m\u00fasica tomando en cuenta esas politonales y audaces canciones quisiera preguntar me urge ..\u201d canta Silvio Rodriguez"},"content":{"rendered":"\n<p>\u00bfComo se lleg\u00f3 a tal grado de inhumanidad? \u00bfQue provoc\u00f3 tal nivel de odio en los sectores mas pudientes, que incluso llegaron a festejar con champa\u00f1a, mientras las calles, los r\u00edos, el mar de Chile, se llenaban de cad\u00e1veres, horriblemente mutilados y acribillados a balazos? Con el paso de los a\u00f1os algunos servidores de la dictadura, quiz\u00e1s abrumados por el peso en su conciencia ante tanta aberraci\u00f3n cometida contra seres humanos, en la que ellos tomaron parte por acci\u00f3n u omisi\u00f3n, o tal vez percibiendo como las ratas que el barco comenzaba a hundirse, entregaron antecedentes por distintas v\u00edas. Estos antecedentes fueron haciendo evidente lo que, luego de tanto tiempo de b\u00fasqueda sin resultados, se hab\u00eda transformado para los familiares y para el pa\u00eds en general, en una certeza. La detenci\u00f3n, la tortura, la muerte y la desaparici\u00f3n de miles de compatriotas. En el norte, centro y sur del pa\u00eds, comenzaron a aflorar, a ver la luz, decenas de fosas clandestinas, que entregaban los cuerpos retenidos por a\u00f1os en virtud del silencio. Primero fue Lonqu\u00e9n, luego Pisagua, Chihu\u00edo, el Cementerio General de Santiago, los cementerios de La Serena y Copiap\u00f3, Topater en Calama, Laja en la VIII Regi\u00f3n.<\/p>\n\n\n\n<p>2.-. Ah\u00ed estaban nuestros hermanos.Los mismos que seg\u00fan la prensa y los representantes de la dictadura (varios de los cuales hoy por hoy son \u201chonorables parlamentarios\u201d) se hab\u00edan ido del pa\u00eds o sumergido en la clandestinidad para combatir al r\u00e9gimen militar, yac\u00edan muertos, sepultados bajo metros de tierra. Ellos, despojados de la vida por unos miserables sin alma, sal\u00edan a clamar justicia desde sus sepulcros ilegales.<\/p>\n\n\n\n<p>*Del libro Cerro Chena \u2013 Testimonio, un campo de prisioneros<\/p>\n","protected":false},"excerpt":{"rendered":"<p>\u00bfComo se lleg\u00f3 a tal grado de inhumanidad? \u00bfQue provoc\u00f3 tal nivel de odio en los sectores mas pudientes, que incluso llegaron a festejar con champa\u00f1a, mientras las calles, los&#8230; <a class=\"read-more\" href=\"https:\/\/www.radiopresidenteibanez.cl\/web\/companeros-de-musica-tomando-en-cuenta-esas-politonales-y-audaces-canciones-quisiera-preguntar-me-urge-canta-silvio-rodriguez\/\">Leer m\u00e1s<\/a><\/p>\n","protected":false},"author":2,"featured_media":41030,"comment_status":"closed","ping_status":"closed","sticky":false,"template":"","format":"standard","meta":{"footnotes":""},"categories":[1],"tags":[],"class_list":["post-41029","post","type-post","status-publish","format-standard","has-post-thumbnail","hentry","category-cronica"],"_links":{"self":[{"href":"https:\/\/www.radiopresidenteibanez.cl\/web\/wp-json\/wp\/v2\/posts\/41029","targetHints":{"allow":["GET"]}}],"collection":[{"href":"https:\/\/www.radiopresidenteibanez.cl\/web\/wp-json\/wp\/v2\/posts"}],"about":[{"href":"https:\/\/www.radiopresidenteibanez.cl\/web\/wp-json\/wp\/v2\/types\/post"}],"author":[{"embeddable":true,"href":"https:\/\/www.radiopresidenteibanez.cl\/web\/wp-json\/wp\/v2\/users\/2"}],"replies":[{"embeddable":true,"href":"https:\/\/www.radiopresidenteibanez.cl\/web\/wp-json\/wp\/v2\/comments?post=41029"}],"version-history":[{"count":0,"href":"https:\/\/www.radiopresidenteibanez.cl\/web\/wp-json\/wp\/v2\/posts\/41029\/revisions"}],"wp:featuredmedia":[{"embeddable":true,"href":"https:\/\/www.radiopresidenteibanez.cl\/web\/wp-json\/wp\/v2\/media\/41030"}],"wp:attachment":[{"href":"https:\/\/www.radiopresidenteibanez.cl\/web\/wp-json\/wp\/v2\/media?parent=41029"}],"wp:term":[{"taxonomy":"category","embeddable":true,"href":"https:\/\/www.radiopresidenteibanez.cl\/web\/wp-json\/wp\/v2\/categories?post=41029"},{"taxonomy":"post_tag","embeddable":true,"href":"https:\/\/www.radiopresidenteibanez.cl\/web\/wp-json\/wp\/v2\/tags?post=41029"}],"curies":[{"name":"wp","href":"https:\/\/api.w.org\/{rel}","templated":true}]}}