{"id":41026,"date":"2023-07-11T11:14:00","date_gmt":"2023-07-11T14:14:00","guid":{"rendered":"https:\/\/www.radiopresidenteibanez.cl\/web\/?p=41026"},"modified":"2023-07-11T08:47:01","modified_gmt":"2023-07-11T11:47:01","slug":"empresaria-de-la-patagonia-recorre-europa-mostrando-sus-productos-con-lana-de-oveja-magallanica","status":"publish","type":"post","link":"https:\/\/www.radiopresidenteibanez.cl\/web\/empresaria-de-la-patagonia-recorre-europa-mostrando-sus-productos-con-lana-de-oveja-magallanica\/","title":{"rendered":"EMPRESARIA DE LA PATAGONIA RECORRE EUROPA MOSTRANDO SUS PRODUCTOS CON LANA DE OVEJA MAGALLANICA"},"content":{"rendered":"\n<p>La capacidad para reinventarse y desarrollar la imaginaci\u00f3n han sido claves en la historia que ha construido Claudia Espinoza Urtubia, creadora textil quien durante los \u00faltimos a\u00f1os ha impulsado su emprendimiento Claudia Wool inspirada en los paisajes de la Patagonia y actualmente recorre Europa mostrando sus productos con lana de ovejas magall\u00e1nicas y buscando nueva inspiraci\u00f3n en lugares como, por ejemplo, el Mediterr\u00e1neo.<\/p>\n\n\n\n<p>Al terminar sus estudios de periodismo en Valpara\u00edso, se traslad\u00f3 a vivir a Punta Arenas donde nacieron sus 2 hijos. No obstante, seg\u00fan se\u00f1ala, siempre tuvo una \u201cespinita en el coraz\u00f3n de que quer\u00eda algo m\u00e1s\u201d, lo que la llev\u00f3 a atreverse a dejar su profesi\u00f3n de periodista y dedicarse a lo que realmente le apasionaba: el arte.<\/p>\n\n\n\n<p>Vinculada a la lectura y la escritura desde la infancia, Claudia logr\u00f3 desarrollar una capacidad imaginativa profunda, la que posteriormente se vio fortalecida con la observaci\u00f3n de paisajes, atm\u00f3sferas y colores cuando, cada verano junto a su pareja se entregaban a la ruta recorriendo gran parte de Chile y Argentina.<\/p>\n\n\n\n<p>Fue as\u00ed como naci\u00f3 su actual emprendimiento, Claudia Wool, inspirado en los colores, las texturas y paisajes de la Patagonia, que se grab\u00f3 a fuego en todo su ser, definiendo un singular estilo creativo en sus obras.<\/p>\n\n\n\n<p>\u201cTrabajo principalmente con lana de oveja de Magallanes, observo el paisaje, colores, texturas, atm\u00f3sferas. Luego pinto, escribo, ti\u00f1o mis lanas, tejo. La mayor\u00eda de las veces entrelazo hebras en el telar. Tambi\u00e9n dise\u00f1o prendas de tejido a palillo que publico en revistas o autoediciones\u201d, se\u00f1al\u00f3 la artista, quien ha realizado una labor conjunta con artesanas locales, realizando alianzas que le han permitido destacar el valor de los detalles y el oficio tradicional manual.<\/p>\n\n\n\n<p>A fines de 2022, decidi\u00f3 cumplir otro sue\u00f1o y viajar a Europa, donde se traslad\u00f3 junto a su familia para recorrer el viejo continente en una motorhome. Ha recorrido pa\u00edses como Inglaterra y Espa\u00f1a. En este \u00faltimo desarroll\u00f3 una serie de tapices inspirados en el Mediterr\u00e1neo, donde predominan el clima c\u00e1lido oce\u00e1nico y una gran diversidad de flora y fauna.<\/p>\n\n\n\n<p>\u201cEs muy importante conocer el mercado al que queremos llegar con nuestros productos. Si bien Internet es una gran ayuda, no es suficiente. Por otra parte, hay categor\u00edas bastante m\u00e1s din\u00e1micas que otras, por lo que es fundamental identificar muy claramente en cu\u00e1l se albergan nuestros productos. De este modo se puede desarrollar un producto o servicio con mayores probabilidades de \u00e9xito\u201d, explic\u00f3.<\/p>\n\n\n\n<p>El \u00e9xito de su negocio tambi\u00e9n ha sido posible gracias al apoyo entregado por Corfo, a trav\u00e9s del Proyecto Red Mercados de Corfo \u201cFortalecimiento de emprendimientos textiles vinculados a Ia cadena de valor de la lana fina y otras fibras naturales de Ia Regi\u00f3n de Magallanes\u00bb, que tiene por objetivo acceder a mercados de exportaci\u00f3n (directos o indirectos) a trav\u00e9s de la implementaci\u00f3n de procesos estrat\u00e9gicos y t\u00e1cticos de comercializaci\u00f3n, considerando el fortalecimiento y superaci\u00f3n de las brechas t\u00e9cnicas, productivas y administrativas existentes y que son fundamentales para el mejoramiento de las capacidades de exportaci\u00f3n y comercializaci\u00f3n internacional.<\/p>\n\n\n\n<p>\u201cLas alianzas son fundamentales, como tambi\u00e9n tener el negocio muy ordenado tanto administrativa como financieramente para poder delegar. Si no delegas y no te relacionas con otros actores de tu sector, es pr\u00e1cticamente imposible crecer y vivir de tu negocio. En Europa he podido investigar diferentes \u00e1reas relacionadas con mi trabajo textil creativo, lo que me ha llevado a replantearme el mix de productos que yo puedo ofrecer en forma sostenible y responsable. Una de las cosas m\u00e1s dif\u00edciles en el emprendimiento es sostener la estructura que vamos creando\u201d, concluy\u00f3 la empresaria textil, quien comparte su recorrido a trav\u00e9s de su Instagram @claudiawool y su diario viajero.<\/p>\n","protected":false},"excerpt":{"rendered":"<p>La capacidad para reinventarse y desarrollar la imaginaci\u00f3n han sido claves en la historia que ha construido Claudia Espinoza Urtubia, creadora textil quien durante los \u00faltimos a\u00f1os ha impulsado su&#8230; <a class=\"read-more\" href=\"https:\/\/www.radiopresidenteibanez.cl\/web\/empresaria-de-la-patagonia-recorre-europa-mostrando-sus-productos-con-lana-de-oveja-magallanica\/\">Leer m\u00e1s<\/a><\/p>\n","protected":false},"author":2,"featured_media":41027,"comment_status":"closed","ping_status":"closed","sticky":false,"template":"","format":"standard","meta":{"footnotes":""},"categories":[1],"tags":[],"class_list":["post-41026","post","type-post","status-publish","format-standard","has-post-thumbnail","hentry","category-cronica"],"_links":{"self":[{"href":"https:\/\/www.radiopresidenteibanez.cl\/web\/wp-json\/wp\/v2\/posts\/41026","targetHints":{"allow":["GET"]}}],"collection":[{"href":"https:\/\/www.radiopresidenteibanez.cl\/web\/wp-json\/wp\/v2\/posts"}],"about":[{"href":"https:\/\/www.radiopresidenteibanez.cl\/web\/wp-json\/wp\/v2\/types\/post"}],"author":[{"embeddable":true,"href":"https:\/\/www.radiopresidenteibanez.cl\/web\/wp-json\/wp\/v2\/users\/2"}],"replies":[{"embeddable":true,"href":"https:\/\/www.radiopresidenteibanez.cl\/web\/wp-json\/wp\/v2\/comments?post=41026"}],"version-history":[{"count":0,"href":"https:\/\/www.radiopresidenteibanez.cl\/web\/wp-json\/wp\/v2\/posts\/41026\/revisions"}],"wp:featuredmedia":[{"embeddable":true,"href":"https:\/\/www.radiopresidenteibanez.cl\/web\/wp-json\/wp\/v2\/media\/41027"}],"wp:attachment":[{"href":"https:\/\/www.radiopresidenteibanez.cl\/web\/wp-json\/wp\/v2\/media?parent=41026"}],"wp:term":[{"taxonomy":"category","embeddable":true,"href":"https:\/\/www.radiopresidenteibanez.cl\/web\/wp-json\/wp\/v2\/categories?post=41026"},{"taxonomy":"post_tag","embeddable":true,"href":"https:\/\/www.radiopresidenteibanez.cl\/web\/wp-json\/wp\/v2\/tags?post=41026"}],"curies":[{"name":"wp","href":"https:\/\/api.w.org\/{rel}","templated":true}]}}