{"id":41023,"date":"2023-07-11T10:21:00","date_gmt":"2023-07-11T13:21:00","guid":{"rendered":"https:\/\/www.radiopresidenteibanez.cl\/web\/?p=41023"},"modified":"2023-07-11T08:43:33","modified_gmt":"2023-07-11T11:43:33","slug":"seremi-de-salud-inaugura-nuevo-deposito-de-vacunas-e-inmunoglobulinas-dvique-entregara-mayor-autonomia-regional-para-el-desarrollo-de-campanas-deinmunizacion","status":"publish","type":"post","link":"https:\/\/www.radiopresidenteibanez.cl\/web\/seremi-de-salud-inaugura-nuevo-deposito-de-vacunas-e-inmunoglobulinas-dvique-entregara-mayor-autonomia-regional-para-el-desarrollo-de-campanas-deinmunizacion\/","title":{"rendered":"SEREMI DE SALUD INAUGURA NUEVO DEP\u00d3SITO DE VACUNAS E INMUNOGLOBULINAS (DVI)QUE ENTREGAR\u00c1 MAYOR AUTONOM\u00cdA REGIONAL PARA EL DESARROLLO DE CAMPA\u00d1AS DEINMUNIZACI\u00d3N"},"content":{"rendered":"\n<p>Con la presencia de la Subsecretaria de Salud P\u00fablica, Andrea Albagli, la Secretar\u00eda Regional<br>Ministerial de Salud realiz\u00f3 la inauguraci\u00f3n de las nuevas instalaciones de su Dep\u00f3sito de Vacunas<br>e Inmunoglobulinas (DVI). Este proyecto contempl\u00f3 la remodelaci\u00f3n de las instalaciones como<br>oficinas, bodegas y la instalaci\u00f3n de una nueva c\u00e1mara de frio con monitoreo remoto.<br>En la actividad participaron el Delegado Presidencial Regional, Jos\u00e9 Ruiz, la Seremi de Salud,<br>Francisca Sanfuentes, el Alcalde de Punta Arenas, Claudio Radonich, la Directora del Servicio de<br>Salud, Ver\u00f3nica Y\u00e1\u00f1ez, el Director del Hospital Cl\u00ednico Magallanes, Ricardo Contreras, adem\u00e1s de<br>representantes de las Fuerzas Armadas y empresas e instituciones que trabajan en alianza con la<br>Autoridad Sanitaria en materia de vacunaci\u00f3n como Zonaustral, Mall Espacio Urbano, IST y<br>Mutual de Seguridad, entre otras.<br>La Seremi de Salud, Francisca Sanfuentes, destac\u00f3 que \u201cnuestro DVI incorpora una nueva c\u00e1mara<br>de fr\u00edo en la cual se aumenta la capacidad de 6 a 20 metros cuadrados. Esto representa una<br>inversi\u00f3n superior a 215 millones de pesos y ha sido priorizado en nuestra regi\u00f3n porque<br>constituye un importante aporte en t\u00e9rminos de la autonom\u00eda para la recepci\u00f3n, el<br>almacenamiento y distribuci\u00f3n de las vacunas e inmunoglobulinas a los distintos puntos y centros<br>de inoculaci\u00f3n p\u00fablicos y privados\u201d.<br>Se\u00f1al\u00f3 que \u201cesto representa un apoyo y un fortalecimiento de la acci\u00f3n preventiva para la salud<br>p\u00fablica que es la vacunaci\u00f3n, y as\u00ed poder asegurar el acceso y la oportunidad de la vacunaci\u00f3n en<br>las diversas etapas de ciclo vital, que nuestras redes asistenciales y nuestros equipos de salud<br>realizan habitualmente\u201d.<br>Los DVI son los lugares en los que se recepcionan, almacenan y distribuyen los productos<br>biol\u00f3gicos (vacunas, inmunoglobulinas y otros) hacia los diversos establecimientos de salud de la<br>regi\u00f3n que finalmente administrar\u00e1n las vacunas a la poblaci\u00f3n.<br>La Subsecretaria de Salud P\u00fablica, Andrea Albagli, manifest\u00f3 que este es un d\u00eda muy importante<br>para la regi\u00f3n de Magallanes: \u201cLas estrategias de vacunaci\u00f3n son las estrategias m\u00e1s seguras y<br>efectivas que tenemos en salud p\u00fablica, s\u00f3lo recordar su importante rol en el manejo de la<br>pandemia que nos permiti\u00f3 avanzar a un escenario epidemiol\u00f3gico de alta gravedad a un<br>escenario que hoy d\u00eda nos permite retomar nuestras actividades cotidianas\u201d.<br>Aclar\u00f3 que \u201cdentro de las Campa\u00f1as de Vacunaci\u00f3n estamos acostumbrados a ver solamente lo<br>que se conoce como la \u00faltima milla, que es el momento cuando un personal de salud calificado<br>inocula a una persona con cualquiera de las dosis program\u00e1ticas, pero \u201cdetr\u00e1s de eso hay un gran<br>trabajo de planificaci\u00f3n, de adquisici\u00f3n, de distribuci\u00f3n y de almacenamiento a nivel territorial<br>para poder facilitar la gesti\u00f3n de las vacunas. Es por eso que es tan importante esta remodelaci\u00f3n,<\/p>\n\n\n\n<p>lo que significa en t\u00e9rminos concretos es que se va a triplicar la capacidad de la regi\u00f3n de<br>almacenaje de dosis y esto implica que Magallanes tendr\u00e1 una alt\u00edsima autonom\u00eda operacional en<br>materia de vacunaci\u00f3n, es un avance\u201d, acot\u00f3<br>El Delegado Regional Presidencial, Jos\u00e9 Ruiz, sostuvo que esta inauguraci\u00f3n es un avance del<br>Gobierno del Presidente Gabriel Boric, con una importante inversi\u00f3n y que nos otorga una<br>autonom\u00eda operacional, considerando la ubicaci\u00f3n que tenemos como regi\u00f3n. \u201cA su vez, es<br>importante reiterar el llamado a la poblaci\u00f3n a vacunarse, la campa\u00f1a no se ha detenido, por lo<br>cual, deben acudir a sus Cesfam, los puntos de Zona Austral y Mall Espacio Urbano y a eso se suma<br>el vacunatorio m\u00f3vil que va a estar en diversos puntos para lograr que la comunidad se vaya<br>vacunando cada vez m\u00e1s\u201d.<br>Entre vacunas program\u00e1ticas, Covid-19 e Influenza, la SEREMI durante el 2022 recepcion\u00f3 342.920<br>dosis. El equipo que trabaja en el Dep\u00f3sito de Vacunas e Inmunoglobulinas (DVI) regional est\u00e1<br>conformado por 5 personas. A eso se suma, 11 personas que llevan a cabo los operativos<br>extramurales.<br>Este proyecto se concret\u00f3 en un trabajo en conjunto del equipo de vacunaci\u00f3n, Departamentos de<br>Salud P\u00fablica, Finanzas, Gabinete y el apoyo del encargado Nacional de Cadena de Fr\u00edo, Juan Pablo<br>Rodr\u00edguez y el profesional de DIPRCE, Paulo Araya, ambos del Minsal Central.<\/p>\n","protected":false},"excerpt":{"rendered":"<p>Con la presencia de la Subsecretaria de Salud P\u00fablica, Andrea Albagli, la Secretar\u00eda RegionalMinisterial de Salud realiz\u00f3 la inauguraci\u00f3n de las nuevas instalaciones de su Dep\u00f3sito de Vacunase Inmunoglobulinas (DVI)&#8230;. <a class=\"read-more\" href=\"https:\/\/www.radiopresidenteibanez.cl\/web\/seremi-de-salud-inaugura-nuevo-deposito-de-vacunas-e-inmunoglobulinas-dvique-entregara-mayor-autonomia-regional-para-el-desarrollo-de-campanas-deinmunizacion\/\">Leer m\u00e1s<\/a><\/p>\n","protected":false},"author":2,"featured_media":41024,"comment_status":"closed","ping_status":"closed","sticky":false,"template":"","format":"standard","meta":{"footnotes":""},"categories":[1],"tags":[],"class_list":["post-41023","post","type-post","status-publish","format-standard","has-post-thumbnail","hentry","category-cronica"],"_links":{"self":[{"href":"https:\/\/www.radiopresidenteibanez.cl\/web\/wp-json\/wp\/v2\/posts\/41023","targetHints":{"allow":["GET"]}}],"collection":[{"href":"https:\/\/www.radiopresidenteibanez.cl\/web\/wp-json\/wp\/v2\/posts"}],"about":[{"href":"https:\/\/www.radiopresidenteibanez.cl\/web\/wp-json\/wp\/v2\/types\/post"}],"author":[{"embeddable":true,"href":"https:\/\/www.radiopresidenteibanez.cl\/web\/wp-json\/wp\/v2\/users\/2"}],"replies":[{"embeddable":true,"href":"https:\/\/www.radiopresidenteibanez.cl\/web\/wp-json\/wp\/v2\/comments?post=41023"}],"version-history":[{"count":0,"href":"https:\/\/www.radiopresidenteibanez.cl\/web\/wp-json\/wp\/v2\/posts\/41023\/revisions"}],"wp:featuredmedia":[{"embeddable":true,"href":"https:\/\/www.radiopresidenteibanez.cl\/web\/wp-json\/wp\/v2\/media\/41024"}],"wp:attachment":[{"href":"https:\/\/www.radiopresidenteibanez.cl\/web\/wp-json\/wp\/v2\/media?parent=41023"}],"wp:term":[{"taxonomy":"category","embeddable":true,"href":"https:\/\/www.radiopresidenteibanez.cl\/web\/wp-json\/wp\/v2\/categories?post=41023"},{"taxonomy":"post_tag","embeddable":true,"href":"https:\/\/www.radiopresidenteibanez.cl\/web\/wp-json\/wp\/v2\/tags?post=41023"}],"curies":[{"name":"wp","href":"https:\/\/api.w.org\/{rel}","templated":true}]}}